{"id":17753,"date":"2025-12-08T13:11:37","date_gmt":"2025-12-08T12:11:37","guid":{"rendered":"https:\/\/www.kelmis.be\/?p=17753"},"modified":"2025-12-08T13:11:37","modified_gmt":"2025-12-08T12:11:37","slug":"pause-des-travaux-de-fibre-optique-a-partir-de-la-semaine-prochaine","status":"publish","type":"post","link":"https:\/\/www.kelmis.be\/fr\/actualite-dans-la-commune\/pause-des-travaux-de-fibre-optique-a-partir-de-la-semaine-prochaine","title":{"rendered":"Pause des travaux de fibre optique \u00e0 partir de la semaine prochaine"},"content":{"rendered":"<p>Avec les travaux r\u00e9alis\u00e9s dans le chemin d\u2019Emmaburg, le d\u00e9ploiement de la fibre optique dans notre commune est achev\u00e9 pour l&rsquo;ann\u00e9e 2025.<br \/>\nCette semaine, les derni\u00e8res tranch\u00e9es seront combl\u00e9es, puis les chantiers de fibre optique seront suspendus jusqu&rsquo;au d\u00e9but du mois de janvier.<\/p>\n<p>L&rsquo;ann\u00e9e prochaine, des travaux sont pr\u00e9vus dans la rue Altenberg, puis dans la rue de Li\u00e8ge.<\/p>\n","protected":false},"excerpt":{"rendered":"Avec les travaux r\u00e9alis\u00e9s dans le chemin d\u2019Emmaburg, le d\u00e9ploiement de la fibre optique dans notre commune est achev\u00e9 pour l&rsquo;ann\u00e9e 2025. Cette semaine, les derni\u00e8res tranch\u00e9es seront combl\u00e9es, puis les chantiers de fibre optique seront suspendus jusqu&rsquo;au d\u00e9but du mois de janvier. L&rsquo;ann\u00e9e prochaine, des travaux sont pr\u00e9vus dans la rue Altenberg, puis dans [&hellip;]","protected":false},"author":2,"featured_media":17754,"comment_status":"closed","ping_status":"closed","sticky":false,"template":"","format":"standard","meta":{"_acf_changed":false,"footnotes":""},"categories":[70],"tags":[],"class_list":["post-17753","post","type-post","status-publish","format-standard","has-post-thumbnail","hentry","category-actualite-dans-la-commune"],"acf":[],"_links":{"self":[{"href":"https:\/\/www.kelmis.be\/fr\/wp-json\/wp\/v2\/posts\/17753","targetHints":{"allow":["GET"]}}],"collection":[{"href":"https:\/\/www.kelmis.be\/fr\/wp-json\/wp\/v2\/posts"}],"about":[{"href":"https:\/\/www.kelmis.be\/fr\/wp-json\/wp\/v2\/types\/post"}],"author":[{"embeddable":true,"href":"https:\/\/www.kelmis.be\/fr\/wp-json\/wp\/v2\/users\/2"}],"replies":[{"embeddable":true,"href":"https:\/\/www.kelmis.be\/fr\/wp-json\/wp\/v2\/comments?post=17753"}],"version-history":[{"count":1,"href":"https:\/\/www.kelmis.be\/fr\/wp-json\/wp\/v2\/posts\/17753\/revisions"}],"predecessor-version":[{"id":17755,"href":"https:\/\/www.kelmis.be\/fr\/wp-json\/wp\/v2\/posts\/17753\/revisions\/17755"}],"wp:featuredmedia":[{"embeddable":true,"href":"https:\/\/www.kelmis.be\/fr\/wp-json\/wp\/v2\/media\/17754"}],"wp:attachment":[{"href":"https:\/\/www.kelmis.be\/fr\/wp-json\/wp\/v2\/media?parent=17753"}],"wp:term":[{"taxonomy":"category","embeddable":true,"href":"https:\/\/www.kelmis.be\/fr\/wp-json\/wp\/v2\/categories?post=17753"},{"taxonomy":"post_tag","embeddable":true,"href":"https:\/\/www.kelmis.be\/fr\/wp-json\/wp\/v2\/tags?post=17753"}],"curies":[{"name":"wp","href":"https:\/\/api.w.org\/{rel}","templated":true}]}}