{"id":17743,"date":"2025-12-03T12:35:53","date_gmt":"2025-12-03T11:35:53","guid":{"rendered":"https:\/\/www.kelmis.be\/?p=17743"},"modified":"2025-12-03T12:56:36","modified_gmt":"2025-12-03T11:56:36","slug":"seance-publique-du-conseil-dadministration-dintradel-le-18-decembre","status":"publish","type":"post","link":"https:\/\/www.kelmis.be\/fr\/depuis-la-maison-communale\/seance-publique-du-conseil-dadministration-dintradel-le-18-decembre","title":{"rendered":"S\u00e9ance publique du conseil d\u2019administration d&rsquo;Intradel le 18 d\u00e9cembre"},"content":{"rendered":"<p>L&rsquo;intercommunale Intradel a le plaisir de vous inviter \u00e0 assister \u00e0 la s\u00e9ance publique de son conseil d\u2019administration qui se tiendra le jeudi 18 d\u00e9cembre 2025 de 8 heures 30 \u00e0 10 heures, \u00e0 son si\u00e8ge, Pr\u00e9 Wigy, 20 \u00e0 4040 Herstal.<\/p>\n","protected":false},"excerpt":{"rendered":"L&rsquo;intercommunale Intradel a le plaisir de vous inviter \u00e0 assister \u00e0 la s\u00e9ance publique de son conseil d\u2019administration qui se tiendra le jeudi 18 d\u00e9cembre 2025 de 8 heures 30 \u00e0 10 heures, \u00e0 son si\u00e8ge, Pr\u00e9 Wigy, 20 \u00e0 4040 Herstal.","protected":false},"author":2,"featured_media":10115,"comment_status":"closed","ping_status":"closed","sticky":false,"template":"","format":"standard","meta":{"_acf_changed":false,"footnotes":""},"categories":[71],"tags":[],"class_list":["post-17743","post","type-post","status-publish","format-standard","has-post-thumbnail","hentry","category-depuis-la-maison-communale"],"acf":[],"_links":{"self":[{"href":"https:\/\/www.kelmis.be\/fr\/wp-json\/wp\/v2\/posts\/17743","targetHints":{"allow":["GET"]}}],"collection":[{"href":"https:\/\/www.kelmis.be\/fr\/wp-json\/wp\/v2\/posts"}],"about":[{"href":"https:\/\/www.kelmis.be\/fr\/wp-json\/wp\/v2\/types\/post"}],"author":[{"embeddable":true,"href":"https:\/\/www.kelmis.be\/fr\/wp-json\/wp\/v2\/users\/2"}],"replies":[{"embeddable":true,"href":"https:\/\/www.kelmis.be\/fr\/wp-json\/wp\/v2\/comments?post=17743"}],"version-history":[{"count":4,"href":"https:\/\/www.kelmis.be\/fr\/wp-json\/wp\/v2\/posts\/17743\/revisions"}],"predecessor-version":[{"id":17748,"href":"https:\/\/www.kelmis.be\/fr\/wp-json\/wp\/v2\/posts\/17743\/revisions\/17748"}],"wp:featuredmedia":[{"embeddable":true,"href":"https:\/\/www.kelmis.be\/fr\/wp-json\/wp\/v2\/media\/10115"}],"wp:attachment":[{"href":"https:\/\/www.kelmis.be\/fr\/wp-json\/wp\/v2\/media?parent=17743"}],"wp:term":[{"taxonomy":"category","embeddable":true,"href":"https:\/\/www.kelmis.be\/fr\/wp-json\/wp\/v2\/categories?post=17743"},{"taxonomy":"post_tag","embeddable":true,"href":"https:\/\/www.kelmis.be\/fr\/wp-json\/wp\/v2\/tags?post=17743"}],"curies":[{"name":"wp","href":"https:\/\/api.w.org\/{rel}","templated":true}]}}