{"id":17737,"date":"2025-12-01T11:25:07","date_gmt":"2025-12-01T10:25:07","guid":{"rendered":"https:\/\/www.kelmis.be\/?p=17737"},"modified":"2025-12-01T11:32:57","modified_gmt":"2025-12-01T10:32:57","slug":"marche-hebdomadaire-deplace-ce-jeudi-vers-le-site-de-la-coul","status":"publish","type":"post","link":"https:\/\/www.kelmis.be\/fr\/depuis-la-maison-communale\/marche-hebdomadaire-deplace-ce-jeudi-vers-le-site-de-la-coul","title":{"rendered":"March\u00e9 hebdomadaire d\u00e9plac\u00e9 ce jeudi vers le site de la Coul"},"content":{"rendered":"<p>En raison des travaux de pr\u00e9paration pour le march\u00e9 de No\u00ebl de La Calamine, qui aura lieu le week-end prochain sur la place de l\u2019\u00c9glise, notre march\u00e9 hebdomadaire sera d\u00e9plac\u00e9 ce jeudi vers le site de la Coul.<br \/>\nMerci de votre compr\u00e9hension !<\/p>\n","protected":false},"excerpt":{"rendered":"En raison des travaux de pr\u00e9paration pour le march\u00e9 de No\u00ebl de La Calamine, qui aura lieu le week-end prochain sur la place de l\u2019\u00c9glise, notre march\u00e9 hebdomadaire sera d\u00e9plac\u00e9 ce jeudi vers le site de la Coul. Merci de votre compr\u00e9hension !","protected":false},"author":2,"featured_media":17738,"comment_status":"closed","ping_status":"closed","sticky":false,"template":"","format":"standard","meta":{"_acf_changed":false,"footnotes":""},"categories":[71],"tags":[],"class_list":["post-17737","post","type-post","status-publish","format-standard","has-post-thumbnail","hentry","category-depuis-la-maison-communale"],"acf":[],"_links":{"self":[{"href":"https:\/\/www.kelmis.be\/fr\/wp-json\/wp\/v2\/posts\/17737","targetHints":{"allow":["GET"]}}],"collection":[{"href":"https:\/\/www.kelmis.be\/fr\/wp-json\/wp\/v2\/posts"}],"about":[{"href":"https:\/\/www.kelmis.be\/fr\/wp-json\/wp\/v2\/types\/post"}],"author":[{"embeddable":true,"href":"https:\/\/www.kelmis.be\/fr\/wp-json\/wp\/v2\/users\/2"}],"replies":[{"embeddable":true,"href":"https:\/\/www.kelmis.be\/fr\/wp-json\/wp\/v2\/comments?post=17737"}],"version-history":[{"count":1,"href":"https:\/\/www.kelmis.be\/fr\/wp-json\/wp\/v2\/posts\/17737\/revisions"}],"predecessor-version":[{"id":17739,"href":"https:\/\/www.kelmis.be\/fr\/wp-json\/wp\/v2\/posts\/17737\/revisions\/17739"}],"wp:featuredmedia":[{"embeddable":true,"href":"https:\/\/www.kelmis.be\/fr\/wp-json\/wp\/v2\/media\/17738"}],"wp:attachment":[{"href":"https:\/\/www.kelmis.be\/fr\/wp-json\/wp\/v2\/media?parent=17737"}],"wp:term":[{"taxonomy":"category","embeddable":true,"href":"https:\/\/www.kelmis.be\/fr\/wp-json\/wp\/v2\/categories?post=17737"},{"taxonomy":"post_tag","embeddable":true,"href":"https:\/\/www.kelmis.be\/fr\/wp-json\/wp\/v2\/tags?post=17737"}],"curies":[{"name":"wp","href":"https:\/\/api.w.org\/{rel}","templated":true}]}}