{"id":17724,"date":"2025-11-26T11:55:07","date_gmt":"2025-11-26T10:55:07","guid":{"rendered":"https:\/\/www.kelmis.be\/?p=17724"},"modified":"2025-11-26T11:55:07","modified_gmt":"2025-11-26T10:55:07","slug":"notre-conseil-communal-se-reunit-ce-soir","status":"publish","type":"post","link":"https:\/\/www.kelmis.be\/fr\/depuis-la-maison-communale\/notre-conseil-communal-se-reunit-ce-soir","title":{"rendered":"Notre conseil communal se r\u00e9unit ce soir"},"content":{"rendered":"<p>Ce soir (20 h), notre conseil communal se r\u00e9unit. En raison d&rsquo;un probl\u00e8me dans le personnel li\u00e9 \u00e0 une maladie , la s\u00e9ance ne pourra exceptionnellement pas \u00eatre retransmise en direct.<br \/>\nToute personne souhaitant assister \u00e0 la r\u00e9union dans la salle du conseil est cordialement invit\u00e9e \u00e0 le faire .<br \/>\nL&rsquo;acc\u00e8s se fait, comme d&rsquo;habitude, par la cour int\u00e9rieure.<\/p>\n","protected":false},"excerpt":{"rendered":"Ce soir (20 h), notre conseil communal se r\u00e9unit. En raison d&rsquo;un probl\u00e8me dans le personnel li\u00e9 \u00e0 une maladie , la s\u00e9ance ne pourra exceptionnellement pas \u00eatre retransmise en direct. Toute personne souhaitant assister \u00e0 la r\u00e9union dans la salle du conseil est cordialement invit\u00e9e \u00e0 le faire . L&rsquo;acc\u00e8s se fait, comme d&rsquo;habitude, [&hellip;]","protected":false},"author":2,"featured_media":17725,"comment_status":"closed","ping_status":"closed","sticky":false,"template":"","format":"standard","meta":{"_acf_changed":false,"footnotes":""},"categories":[71],"tags":[],"class_list":["post-17724","post","type-post","status-publish","format-standard","has-post-thumbnail","hentry","category-depuis-la-maison-communale"],"acf":[],"_links":{"self":[{"href":"https:\/\/www.kelmis.be\/fr\/wp-json\/wp\/v2\/posts\/17724","targetHints":{"allow":["GET"]}}],"collection":[{"href":"https:\/\/www.kelmis.be\/fr\/wp-json\/wp\/v2\/posts"}],"about":[{"href":"https:\/\/www.kelmis.be\/fr\/wp-json\/wp\/v2\/types\/post"}],"author":[{"embeddable":true,"href":"https:\/\/www.kelmis.be\/fr\/wp-json\/wp\/v2\/users\/2"}],"replies":[{"embeddable":true,"href":"https:\/\/www.kelmis.be\/fr\/wp-json\/wp\/v2\/comments?post=17724"}],"version-history":[{"count":1,"href":"https:\/\/www.kelmis.be\/fr\/wp-json\/wp\/v2\/posts\/17724\/revisions"}],"predecessor-version":[{"id":17726,"href":"https:\/\/www.kelmis.be\/fr\/wp-json\/wp\/v2\/posts\/17724\/revisions\/17726"}],"wp:featuredmedia":[{"embeddable":true,"href":"https:\/\/www.kelmis.be\/fr\/wp-json\/wp\/v2\/media\/17725"}],"wp:attachment":[{"href":"https:\/\/www.kelmis.be\/fr\/wp-json\/wp\/v2\/media?parent=17724"}],"wp:term":[{"taxonomy":"category","embeddable":true,"href":"https:\/\/www.kelmis.be\/fr\/wp-json\/wp\/v2\/categories?post=17724"},{"taxonomy":"post_tag","embeddable":true,"href":"https:\/\/www.kelmis.be\/fr\/wp-json\/wp\/v2\/tags?post=17724"}],"curies":[{"name":"wp","href":"https:\/\/api.w.org\/{rel}","templated":true}]}}