{"id":17707,"date":"2025-11-24T15:14:57","date_gmt":"2025-11-24T14:14:57","guid":{"rendered":"https:\/\/www.kelmis.be\/?p=17707"},"modified":"2025-11-24T15:19:22","modified_gmt":"2025-11-24T14:19:22","slug":"quelles-repercussions-a-la-greve-sur-la-collecte-des-dechets","status":"publish","type":"post","link":"https:\/\/www.kelmis.be\/fr\/actualite-dans-la-commune\/quelles-repercussions-a-la-greve-sur-la-collecte-des-dechets","title":{"rendered":"Quelles r\u00e9percussions a la gr\u00e8ve sur la collecte des d\u00e9chets ?"},"content":{"rendered":"<p>La collecte des sacs PMC et des d\u00e9chets carton aura lieu mardi, comme d&rsquo;habitude, dans le centre du village de La Calamine et dans la rue de Li\u00e8ge. C&rsquo;est ce que vient de nous communiquer l&rsquo;entreprise Belcyco.<\/p>\n<p>Les d\u00e9chets r\u00e9siduels seront collect\u00e9s mercredi dans le centre du village de La Calamine par BISA.<\/p>\n<p>En revanche, le Recypark sera ferm\u00e9 mardi et mercredi en raison des trois jours de gr\u00e8ve en Belgique.<\/p>\n","protected":false},"excerpt":{"rendered":"La collecte des sacs PMC et des d\u00e9chets carton aura lieu mardi, comme d&rsquo;habitude, dans le centre du village de La Calamine et dans la rue de Li\u00e8ge. C&rsquo;est ce que vient de nous communiquer l&rsquo;entreprise Belcyco. Les d\u00e9chets r\u00e9siduels seront collect\u00e9s mercredi dans le centre du village de La Calamine par BISA. En revanche, [&hellip;]","protected":false},"author":2,"featured_media":17709,"comment_status":"closed","ping_status":"closed","sticky":false,"template":"","format":"standard","meta":{"_acf_changed":false,"footnotes":""},"categories":[70],"tags":[],"class_list":["post-17707","post","type-post","status-publish","format-standard","has-post-thumbnail","hentry","category-actualite-dans-la-commune"],"acf":[],"_links":{"self":[{"href":"https:\/\/www.kelmis.be\/fr\/wp-json\/wp\/v2\/posts\/17707","targetHints":{"allow":["GET"]}}],"collection":[{"href":"https:\/\/www.kelmis.be\/fr\/wp-json\/wp\/v2\/posts"}],"about":[{"href":"https:\/\/www.kelmis.be\/fr\/wp-json\/wp\/v2\/types\/post"}],"author":[{"embeddable":true,"href":"https:\/\/www.kelmis.be\/fr\/wp-json\/wp\/v2\/users\/2"}],"replies":[{"embeddable":true,"href":"https:\/\/www.kelmis.be\/fr\/wp-json\/wp\/v2\/comments?post=17707"}],"version-history":[{"count":1,"href":"https:\/\/www.kelmis.be\/fr\/wp-json\/wp\/v2\/posts\/17707\/revisions"}],"predecessor-version":[{"id":17710,"href":"https:\/\/www.kelmis.be\/fr\/wp-json\/wp\/v2\/posts\/17707\/revisions\/17710"}],"wp:featuredmedia":[{"embeddable":true,"href":"https:\/\/www.kelmis.be\/fr\/wp-json\/wp\/v2\/media\/17709"}],"wp:attachment":[{"href":"https:\/\/www.kelmis.be\/fr\/wp-json\/wp\/v2\/media?parent=17707"}],"wp:term":[{"taxonomy":"category","embeddable":true,"href":"https:\/\/www.kelmis.be\/fr\/wp-json\/wp\/v2\/categories?post=17707"},{"taxonomy":"post_tag","embeddable":true,"href":"https:\/\/www.kelmis.be\/fr\/wp-json\/wp\/v2\/tags?post=17707"}],"curies":[{"name":"wp","href":"https:\/\/api.w.org\/{rel}","templated":true}]}}