{"id":17690,"date":"2025-11-23T11:32:54","date_gmt":"2025-11-23T10:32:54","guid":{"rendered":"https:\/\/www.kelmis.be\/?p=17690"},"modified":"2025-11-23T11:34:27","modified_gmt":"2025-11-23T10:34:27","slug":"inauguration-du-nouveau-terrain-en-gazon-synthetique-du-rfcu-la-calamine","status":"publish","type":"post","link":"https:\/\/www.kelmis.be\/fr\/actualite-dans-la-commune\/inauguration-du-nouveau-terrain-en-gazon-synthetique-du-rfcu-la-calamine","title":{"rendered":"Inauguration du nouveau terrain en gazon synth\u00e9tique du RFCU La Calamine"},"content":{"rendered":"<p>Samedi soir, le nouveau terrain en gazon synth\u00e9tique du RFCU La Calamine a \u00e9t\u00e9 inaugur\u00e9. Le terrain a \u00e9t\u00e9 inaugur\u00e9 en pr\u00e9sence du ministre-pr\u00e9sident germanophone Oliver Paasch, du bourgmestre Daniel Hilligsmann et du premier \u00e9chevin Bj\u00f6rn Klinkenberg. Dans leurs discours, ils ont soulign\u00e9 l&rsquo;importance du football et du travail aupr\u00e8s des jeunes \u00e0 La Calamine. \u00ab Le nouveau terrain est un engagement clair en faveur de la promotion du sport et cr\u00e9e les conditions id\u00e9ales pour des centaines d&rsquo;enfants, d&rsquo;adolescents et d&rsquo;adultes qui, semaine apr\u00e8s semaine, se donnent \u00e0 fond sur le terrain \u00bb, tel \u00e9tait le sentiment g\u00e9n\u00e9ral.<\/p>\n<p>Le projet est un exemple r\u00e9ussi de coop\u00e9ration, d&rsquo;engagement et de clairvoyance. Un merci tout particulier a \u00e9t\u00e9 adress\u00e9 aux responsables du RFCU, qui ont contribu\u00e9 avec beaucoup d&rsquo;engagement \u00e0 la r\u00e9alisation de ce projet. L&rsquo;ancien pr\u00e9sident Vincent Hubert a \u00e9t\u00e9 mis \u00e0 l&rsquo;honneur pour avoir donn\u00e9 l&rsquo;impulsion d\u00e9cisive \u00e0 cet important projet gr\u00e2ce \u00e0 son initiative.<\/p>\n<p>Avec ce nouveau terrain en gazon synth\u00e9tique, La Calamine renforce son r\u00f4le de commune sportive et dynamique.<\/p>\n","protected":false},"excerpt":{"rendered":"Samedi soir, le nouveau terrain en gazon synth\u00e9tique du RFCU La Calamine a \u00e9t\u00e9 inaugur\u00e9. Le terrain a \u00e9t\u00e9 inaugur\u00e9 en pr\u00e9sence du ministre-pr\u00e9sident germanophone Oliver Paasch, du bourgmestre Daniel Hilligsmann et du premier \u00e9chevin Bj\u00f6rn Klinkenberg. Dans leurs discours, ils ont soulign\u00e9 l&rsquo;importance du football et du travail aupr\u00e8s des jeunes \u00e0 La Calamine. [&hellip;]","protected":false},"author":2,"featured_media":17691,"comment_status":"closed","ping_status":"closed","sticky":false,"template":"","format":"standard","meta":{"_acf_changed":false,"footnotes":""},"categories":[70],"tags":[],"class_list":["post-17690","post","type-post","status-publish","format-standard","has-post-thumbnail","hentry","category-actualite-dans-la-commune"],"acf":[],"_links":{"self":[{"href":"https:\/\/www.kelmis.be\/fr\/wp-json\/wp\/v2\/posts\/17690","targetHints":{"allow":["GET"]}}],"collection":[{"href":"https:\/\/www.kelmis.be\/fr\/wp-json\/wp\/v2\/posts"}],"about":[{"href":"https:\/\/www.kelmis.be\/fr\/wp-json\/wp\/v2\/types\/post"}],"author":[{"embeddable":true,"href":"https:\/\/www.kelmis.be\/fr\/wp-json\/wp\/v2\/users\/2"}],"replies":[{"embeddable":true,"href":"https:\/\/www.kelmis.be\/fr\/wp-json\/wp\/v2\/comments?post=17690"}],"version-history":[{"count":1,"href":"https:\/\/www.kelmis.be\/fr\/wp-json\/wp\/v2\/posts\/17690\/revisions"}],"predecessor-version":[{"id":17692,"href":"https:\/\/www.kelmis.be\/fr\/wp-json\/wp\/v2\/posts\/17690\/revisions\/17692"}],"wp:featuredmedia":[{"embeddable":true,"href":"https:\/\/www.kelmis.be\/fr\/wp-json\/wp\/v2\/media\/17691"}],"wp:attachment":[{"href":"https:\/\/www.kelmis.be\/fr\/wp-json\/wp\/v2\/media?parent=17690"}],"wp:term":[{"taxonomy":"category","embeddable":true,"href":"https:\/\/www.kelmis.be\/fr\/wp-json\/wp\/v2\/categories?post=17690"},{"taxonomy":"post_tag","embeddable":true,"href":"https:\/\/www.kelmis.be\/fr\/wp-json\/wp\/v2\/tags?post=17690"}],"curies":[{"name":"wp","href":"https:\/\/api.w.org\/{rel}","templated":true}]}}