{"id":17682,"date":"2025-11-20T13:51:28","date_gmt":"2025-11-20T12:51:28","guid":{"rendered":"https:\/\/www.kelmis.be\/?p=17682"},"modified":"2025-11-20T13:52:11","modified_gmt":"2025-11-20T12:52:11","slug":"expose-sur-le-benevolat-pour-les-associations","status":"publish","type":"post","link":"https:\/\/www.kelmis.be\/fr\/evenement\/expose-sur-le-benevolat-pour-les-associations","title":{"rendered":"Expos\u00e9 sur le b\u00e9n\u00e9volat pour les associations"},"content":{"rendered":"<p><strong>Mardi 2 d\u00e9cembre 2025 \u2013 19h <\/strong><br \/>\n<strong>Salle du Patronage <\/strong><br \/>\n<strong>Entr\u00e9e gratuite \u00b7 sans inscription<\/strong><\/p>\n<p>Le b\u00e9n\u00e9volat change \u2013 comment les associations peuvent-elles r\u00e9agir ?<\/p>\n<p>Le monde du b\u00e9n\u00e9volat \u00e9volue, et de nombreuses associations le ressentent : trouver des b\u00e9n\u00e9voles<br \/>\nmotiv\u00e9s pour le comit\u00e9 ou pour d\u2019autres missions devient plus difficile. Mais pourquoi ? Et surtout :<br \/>\ncomment peut-on s\u2019y adapter ?<\/p>\n<p>Lors d\u2019une soir\u00e9e dynamique et interactive, nous explorerons ensemble les raisons de ces changements et d\u00e9couvrirons de nouvelles fa\u00e7ons d\u2019attirer et d\u2019impliquer les b\u00e9n\u00e9voles d\u2019aujourd\u2019hui.<br \/>\nMarieke Gillessen (Minist\u00e8re) et Claudia Kochanowski (EMJA) pr\u00e9senteront des pistes concr\u00e8tes : participation active, b\u00e9n\u00e9volat ponctuel et structures associatives plus souples comme la gestion en \u00e9quipe.<\/p>\n<p>Un moment pour poser vos questions, \u00e9changer vos exp\u00e9riences \u2013 et repartir avec des id\u00e9es fra\u00eeches<br \/>\npour l\u2019avenir de votre association !<\/p>\n","protected":false},"excerpt":{"rendered":"Mardi 2 d\u00e9cembre 2025 \u2013 19h Salle du Patronage Entr\u00e9e gratuite \u00b7 sans inscription Le b\u00e9n\u00e9volat change \u2013 comment les associations peuvent-elles r\u00e9agir ? Le monde du b\u00e9n\u00e9volat \u00e9volue, et de nombreuses associations le ressentent : trouver des b\u00e9n\u00e9voles motiv\u00e9s pour le comit\u00e9 ou pour d\u2019autres missions devient plus difficile. Mais pourquoi ? Et surtout [&hellip;]","protected":false},"author":2,"featured_media":17630,"comment_status":"closed","ping_status":"closed","sticky":false,"template":"","format":"standard","meta":{"_acf_changed":false,"footnotes":""},"categories":[73],"tags":[],"class_list":["post-17682","post","type-post","status-publish","format-standard","has-post-thumbnail","hentry","category-evenement"],"acf":[],"_links":{"self":[{"href":"https:\/\/www.kelmis.be\/fr\/wp-json\/wp\/v2\/posts\/17682","targetHints":{"allow":["GET"]}}],"collection":[{"href":"https:\/\/www.kelmis.be\/fr\/wp-json\/wp\/v2\/posts"}],"about":[{"href":"https:\/\/www.kelmis.be\/fr\/wp-json\/wp\/v2\/types\/post"}],"author":[{"embeddable":true,"href":"https:\/\/www.kelmis.be\/fr\/wp-json\/wp\/v2\/users\/2"}],"replies":[{"embeddable":true,"href":"https:\/\/www.kelmis.be\/fr\/wp-json\/wp\/v2\/comments?post=17682"}],"version-history":[{"count":2,"href":"https:\/\/www.kelmis.be\/fr\/wp-json\/wp\/v2\/posts\/17682\/revisions"}],"predecessor-version":[{"id":17684,"href":"https:\/\/www.kelmis.be\/fr\/wp-json\/wp\/v2\/posts\/17682\/revisions\/17684"}],"wp:featuredmedia":[{"embeddable":true,"href":"https:\/\/www.kelmis.be\/fr\/wp-json\/wp\/v2\/media\/17630"}],"wp:attachment":[{"href":"https:\/\/www.kelmis.be\/fr\/wp-json\/wp\/v2\/media?parent=17682"}],"wp:term":[{"taxonomy":"category","embeddable":true,"href":"https:\/\/www.kelmis.be\/fr\/wp-json\/wp\/v2\/categories?post=17682"},{"taxonomy":"post_tag","embeddable":true,"href":"https:\/\/www.kelmis.be\/fr\/wp-json\/wp\/v2\/tags?post=17682"}],"curies":[{"name":"wp","href":"https:\/\/api.w.org\/{rel}","templated":true}]}}