{"id":17675,"date":"2025-11-19T12:22:34","date_gmt":"2025-11-19T11:22:34","guid":{"rendered":"https:\/\/www.kelmis.be\/?p=17675"},"modified":"2025-11-19T12:28:57","modified_gmt":"2025-11-19T11:28:57","slug":"le-fc-tanja-a-recu-son-titre-royal","status":"publish","type":"post","link":"https:\/\/www.kelmis.be\/fr\/actualite-dans-la-commune\/le-fc-tanja-a-recu-son-titre-royal","title":{"rendered":"Le FC Tanja a re\u00e7u son titre royal"},"content":{"rendered":"<p>Mardi soir, le club de football amateur FC Tanja de La Calamine s&rsquo;est vu d\u00e9cerner le titre royal au Palais des princes-\u00e9v\u00eaques de Li\u00e8ge. Le certificat correspondant a \u00e9t\u00e9 remis par le gouverneur provincial Herv\u00e9 Jamar (au pupitre\/\u00e0 sa gauche : le d\u00e9put\u00e9 provincial Luc Lejeune).<\/p>\n<p>Le FC Tanja f\u00eate cette ann\u00e9e son 50e anniversaire.<\/p>\n<p>Outre la d\u00e9l\u00e9gation du FC Tanja, notre commune \u00e9tait repr\u00e9sent\u00e9e par le premier \u00e9chevin Bj\u00f6rn Klinkenberg et notre collaboratrice Nathalie Kohl. Nathalie Kohl avait accompagn\u00e9 la proc\u00e9dure administrative pour le FC Tanja. La d\u00e9l\u00e9gation du FC Tanja, d\u00e9sormais royal, a termin\u00e9 la soir\u00e9e par une visite dans une pizzeria li\u00e9geoise. F\u00e9licitations, FC Tanja !<\/p>\n","protected":false},"excerpt":{"rendered":"Mardi soir, le club de football amateur FC Tanja de La Calamine s&rsquo;est vu d\u00e9cerner le titre royal au Palais des princes-\u00e9v\u00eaques de Li\u00e8ge. Le certificat correspondant a \u00e9t\u00e9 remis par le gouverneur provincial Herv\u00e9 Jamar (au pupitre\/\u00e0 sa gauche : le d\u00e9put\u00e9 provincial Luc Lejeune). Le FC Tanja f\u00eate cette ann\u00e9e son 50e anniversaire. [&hellip;]","protected":false},"author":2,"featured_media":17676,"comment_status":"closed","ping_status":"closed","sticky":false,"template":"","format":"standard","meta":{"_acf_changed":false,"footnotes":""},"categories":[70],"tags":[],"class_list":["post-17675","post","type-post","status-publish","format-standard","has-post-thumbnail","hentry","category-actualite-dans-la-commune"],"acf":[],"_links":{"self":[{"href":"https:\/\/www.kelmis.be\/fr\/wp-json\/wp\/v2\/posts\/17675","targetHints":{"allow":["GET"]}}],"collection":[{"href":"https:\/\/www.kelmis.be\/fr\/wp-json\/wp\/v2\/posts"}],"about":[{"href":"https:\/\/www.kelmis.be\/fr\/wp-json\/wp\/v2\/types\/post"}],"author":[{"embeddable":true,"href":"https:\/\/www.kelmis.be\/fr\/wp-json\/wp\/v2\/users\/2"}],"replies":[{"embeddable":true,"href":"https:\/\/www.kelmis.be\/fr\/wp-json\/wp\/v2\/comments?post=17675"}],"version-history":[{"count":1,"href":"https:\/\/www.kelmis.be\/fr\/wp-json\/wp\/v2\/posts\/17675\/revisions"}],"predecessor-version":[{"id":17677,"href":"https:\/\/www.kelmis.be\/fr\/wp-json\/wp\/v2\/posts\/17675\/revisions\/17677"}],"wp:featuredmedia":[{"embeddable":true,"href":"https:\/\/www.kelmis.be\/fr\/wp-json\/wp\/v2\/media\/17676"}],"wp:attachment":[{"href":"https:\/\/www.kelmis.be\/fr\/wp-json\/wp\/v2\/media?parent=17675"}],"wp:term":[{"taxonomy":"category","embeddable":true,"href":"https:\/\/www.kelmis.be\/fr\/wp-json\/wp\/v2\/categories?post=17675"},{"taxonomy":"post_tag","embeddable":true,"href":"https:\/\/www.kelmis.be\/fr\/wp-json\/wp\/v2\/tags?post=17675"}],"curies":[{"name":"wp","href":"https:\/\/api.w.org\/{rel}","templated":true}]}}