{"id":17664,"date":"2025-11-18T11:07:36","date_gmt":"2025-11-18T10:07:36","guid":{"rendered":"https:\/\/www.kelmis.be\/?p=17664"},"modified":"2025-11-18T11:07:36","modified_gmt":"2025-11-18T10:07:36","slug":"troncon-de-la-rue-albert-ferme-a-partir-de-mercredi","status":"publish","type":"post","link":"https:\/\/www.kelmis.be\/fr\/circulation\/troncon-de-la-rue-albert-ferme-a-partir-de-mercredi","title":{"rendered":"Tron\u00e7on de la rue Albert ferm\u00e9 \u00e0 partir de mercredi"},"content":{"rendered":"<p>Mercredi, l&rsquo;intercommunale Ores effectuera des travaux routiers dans la rue Albert, pr\u00e8s de la boulangerie Otten, afin de renforcer le r\u00e9seau. Les travaux devraient durer jusqu&rsquo;au vendredi 28 novembre. Le tron\u00e7on de la rue Albert sera ferm\u00e9 \u00e0 la circulation pendant cette p\u00e9riode. Les automobilistes sont pri\u00e9s d&#8217;emprunter la rue des Carabiniers\/rue du Parc\/rue Thim dans un sens et la rue de l\u2019\u00c9glise\/rue de Li\u00e8ge dans l&rsquo;autre sens.<\/p>\n<p>Nous vous remercions de votre compr\u00e9hension !<\/p>\n","protected":false},"excerpt":{"rendered":"Mercredi, l&rsquo;intercommunale Ores effectuera des travaux routiers dans la rue Albert, pr\u00e8s de la boulangerie Otten, afin de renforcer le r\u00e9seau. Les travaux devraient durer jusqu&rsquo;au vendredi 28 novembre. Le tron\u00e7on de la rue Albert sera ferm\u00e9 \u00e0 la circulation pendant cette p\u00e9riode. Les automobilistes sont pri\u00e9s d&#8217;emprunter la rue des Carabiniers\/rue du Parc\/rue Thim [&hellip;]","protected":false},"author":2,"featured_media":0,"comment_status":"closed","ping_status":"closed","sticky":false,"template":"","format":"standard","meta":{"_acf_changed":false,"footnotes":""},"categories":[74],"tags":[],"class_list":["post-17664","post","type-post","status-publish","format-standard","hentry","category-circulation"],"acf":[],"_links":{"self":[{"href":"https:\/\/www.kelmis.be\/fr\/wp-json\/wp\/v2\/posts\/17664","targetHints":{"allow":["GET"]}}],"collection":[{"href":"https:\/\/www.kelmis.be\/fr\/wp-json\/wp\/v2\/posts"}],"about":[{"href":"https:\/\/www.kelmis.be\/fr\/wp-json\/wp\/v2\/types\/post"}],"author":[{"embeddable":true,"href":"https:\/\/www.kelmis.be\/fr\/wp-json\/wp\/v2\/users\/2"}],"replies":[{"embeddable":true,"href":"https:\/\/www.kelmis.be\/fr\/wp-json\/wp\/v2\/comments?post=17664"}],"version-history":[{"count":1,"href":"https:\/\/www.kelmis.be\/fr\/wp-json\/wp\/v2\/posts\/17664\/revisions"}],"predecessor-version":[{"id":17665,"href":"https:\/\/www.kelmis.be\/fr\/wp-json\/wp\/v2\/posts\/17664\/revisions\/17665"}],"wp:attachment":[{"href":"https:\/\/www.kelmis.be\/fr\/wp-json\/wp\/v2\/media?parent=17664"}],"wp:term":[{"taxonomy":"category","embeddable":true,"href":"https:\/\/www.kelmis.be\/fr\/wp-json\/wp\/v2\/categories?post=17664"},{"taxonomy":"post_tag","embeddable":true,"href":"https:\/\/www.kelmis.be\/fr\/wp-json\/wp\/v2\/tags?post=17664"}],"curies":[{"name":"wp","href":"https:\/\/api.w.org\/{rel}","templated":true}]}}