{"id":17651,"date":"2025-11-17T15:22:12","date_gmt":"2025-11-17T14:22:12","guid":{"rendered":"https:\/\/www.kelmis.be\/?p=17651"},"modified":"2025-11-17T15:50:13","modified_gmt":"2025-11-17T14:50:13","slug":"les-elections-pour-le-nouveau-conseil-communal-des-enfants-ont-eu-lieu","status":"publish","type":"post","link":"https:\/\/www.kelmis.be\/fr\/depuis-la-maison-communale\/les-elections-pour-le-nouveau-conseil-communal-des-enfants-ont-eu-lieu","title":{"rendered":"Les \u00e9lections pour le nouveau conseil communal des enfants ont eu lieu"},"content":{"rendered":"<p>Les \u00e9lections du nouveau conseil communal des enfants ont eu lieu cet apr\u00e8s-midi dans notre salle du conseil communal. Les candidats et candidates sont issus des classes de cinqui\u00e8me ann\u00e9e des \u00e9coles communales de Hergenrath et La Calamine ainsi que de l&rsquo;Ath\u00e9n\u00e9e C\u00e9sar Franck. Le d\u00e9pouillement des votes sera effectu\u00e9 par nos \u00e9chevines Nadine Rotheudt et Sandy Nyssen. Elles accompagnent le conseil municipal des enfants. Les 21 enfants \u00e9lus seront inform\u00e9s vendredi dans leurs \u00e9coles. Le nouveau conseil communal des enfants, dont le mandat est de deux ans, sera install\u00e9 le jeudi 11 d\u00e9cembre. La s\u00e9ance sera retransmise en direct sur notre cha\u00eene YouTube.<\/p>\n","protected":false},"excerpt":{"rendered":"Les \u00e9lections du nouveau conseil communal des enfants ont eu lieu cet apr\u00e8s-midi dans notre salle du conseil communal. Les candidats et candidates sont issus des classes de cinqui\u00e8me ann\u00e9e des \u00e9coles communales de Hergenrath et La Calamine ainsi que de l&rsquo;Ath\u00e9n\u00e9e C\u00e9sar Franck. Le d\u00e9pouillement des votes sera effectu\u00e9 par nos \u00e9chevines Nadine Rotheudt [&hellip;]","protected":false},"author":2,"featured_media":17652,"comment_status":"closed","ping_status":"closed","sticky":false,"template":"","format":"standard","meta":{"_acf_changed":false,"footnotes":""},"categories":[71],"tags":[],"class_list":["post-17651","post","type-post","status-publish","format-standard","has-post-thumbnail","hentry","category-depuis-la-maison-communale"],"acf":[],"_links":{"self":[{"href":"https:\/\/www.kelmis.be\/fr\/wp-json\/wp\/v2\/posts\/17651","targetHints":{"allow":["GET"]}}],"collection":[{"href":"https:\/\/www.kelmis.be\/fr\/wp-json\/wp\/v2\/posts"}],"about":[{"href":"https:\/\/www.kelmis.be\/fr\/wp-json\/wp\/v2\/types\/post"}],"author":[{"embeddable":true,"href":"https:\/\/www.kelmis.be\/fr\/wp-json\/wp\/v2\/users\/2"}],"replies":[{"embeddable":true,"href":"https:\/\/www.kelmis.be\/fr\/wp-json\/wp\/v2\/comments?post=17651"}],"version-history":[{"count":1,"href":"https:\/\/www.kelmis.be\/fr\/wp-json\/wp\/v2\/posts\/17651\/revisions"}],"predecessor-version":[{"id":17653,"href":"https:\/\/www.kelmis.be\/fr\/wp-json\/wp\/v2\/posts\/17651\/revisions\/17653"}],"wp:featuredmedia":[{"embeddable":true,"href":"https:\/\/www.kelmis.be\/fr\/wp-json\/wp\/v2\/media\/17652"}],"wp:attachment":[{"href":"https:\/\/www.kelmis.be\/fr\/wp-json\/wp\/v2\/media?parent=17651"}],"wp:term":[{"taxonomy":"category","embeddable":true,"href":"https:\/\/www.kelmis.be\/fr\/wp-json\/wp\/v2\/categories?post=17651"},{"taxonomy":"post_tag","embeddable":true,"href":"https:\/\/www.kelmis.be\/fr\/wp-json\/wp\/v2\/tags?post=17651"}],"curies":[{"name":"wp","href":"https:\/\/api.w.org\/{rel}","templated":true}]}}