{"id":17637,"date":"2025-11-13T09:28:02","date_gmt":"2025-11-13T08:28:02","guid":{"rendered":"https:\/\/www.kelmis.be\/?p=17637"},"modified":"2025-11-13T09:30:18","modified_gmt":"2025-11-13T08:30:18","slug":"adapta-demande-de-permis-denvironnement","status":"publish","type":"post","link":"https:\/\/www.kelmis.be\/fr\/depuis-la-maison-communale\/adapta-demande-de-permis-denvironnement","title":{"rendered":"ADAPTA : Demande de permis d\u2019environnement"},"content":{"rendered":"<p>Le Coll\u00e8ge communal porte \u00e0 la connaissance de la population que ADAPTA ASBL a introduit une demande de permis d\u2019environnement pour la continuit\u00e9 de l\u2019exploitation d\u2019un atelier de travail adapt\u00e9 sis Hochheid, 2 \u00e0 4728 Hergenrath (Parcelle cadastr\u00e9e Div 3, Sect D, Nr. 196 Y).<\/p>\n<p>Sur la base de la description des activit\u00e9s, des sites de stockage et des installations, ainsi que des mesures pr\u00e9vues dans le projet, on peut consid\u00e9rer que les incidences sur l&rsquo;environnement ne sont pas significatives.<\/p>\n<p>Le projet n&rsquo;est donc pas soumis \u00e0 une \u00e9valuation compl\u00e8te des incidences.<\/p>\n","protected":false},"excerpt":{"rendered":"Le Coll\u00e8ge communal porte \u00e0 la connaissance de la population que ADAPTA ASBL a introduit une demande de permis d\u2019environnement pour la continuit\u00e9 de l\u2019exploitation d\u2019un atelier de travail adapt\u00e9 sis Hochheid, 2 \u00e0 4728 Hergenrath (Parcelle cadastr\u00e9e Div 3, Sect D, Nr. 196 Y). Sur la base de la description des activit\u00e9s, des sites [&hellip;]","protected":false},"author":2,"featured_media":17091,"comment_status":"closed","ping_status":"closed","sticky":false,"template":"","format":"standard","meta":{"_acf_changed":false,"footnotes":""},"categories":[71],"tags":[],"class_list":["post-17637","post","type-post","status-publish","format-standard","has-post-thumbnail","hentry","category-depuis-la-maison-communale"],"acf":[],"_links":{"self":[{"href":"https:\/\/www.kelmis.be\/fr\/wp-json\/wp\/v2\/posts\/17637","targetHints":{"allow":["GET"]}}],"collection":[{"href":"https:\/\/www.kelmis.be\/fr\/wp-json\/wp\/v2\/posts"}],"about":[{"href":"https:\/\/www.kelmis.be\/fr\/wp-json\/wp\/v2\/types\/post"}],"author":[{"embeddable":true,"href":"https:\/\/www.kelmis.be\/fr\/wp-json\/wp\/v2\/users\/2"}],"replies":[{"embeddable":true,"href":"https:\/\/www.kelmis.be\/fr\/wp-json\/wp\/v2\/comments?post=17637"}],"version-history":[{"count":2,"href":"https:\/\/www.kelmis.be\/fr\/wp-json\/wp\/v2\/posts\/17637\/revisions"}],"predecessor-version":[{"id":17639,"href":"https:\/\/www.kelmis.be\/fr\/wp-json\/wp\/v2\/posts\/17637\/revisions\/17639"}],"wp:featuredmedia":[{"embeddable":true,"href":"https:\/\/www.kelmis.be\/fr\/wp-json\/wp\/v2\/media\/17091"}],"wp:attachment":[{"href":"https:\/\/www.kelmis.be\/fr\/wp-json\/wp\/v2\/media?parent=17637"}],"wp:term":[{"taxonomy":"category","embeddable":true,"href":"https:\/\/www.kelmis.be\/fr\/wp-json\/wp\/v2\/categories?post=17637"},{"taxonomy":"post_tag","embeddable":true,"href":"https:\/\/www.kelmis.be\/fr\/wp-json\/wp\/v2\/tags?post=17637"}],"curies":[{"name":"wp","href":"https:\/\/api.w.org\/{rel}","templated":true}]}}