{"id":17629,"date":"2025-11-10T15:33:16","date_gmt":"2025-11-10T14:33:16","guid":{"rendered":"https:\/\/www.kelmis.be\/?p=17629"},"modified":"2025-11-10T15:33:41","modified_gmt":"2025-11-10T14:33:41","slug":"armistice-nos-services-sont-fermes-le-11-novembre","status":"publish","type":"post","link":"https:\/\/www.kelmis.be\/fr\/depuis-la-maison-communale\/armistice-nos-services-sont-fermes-le-11-novembre","title":{"rendered":"Armistice : nos services sont ferm\u00e9s le 11 novembre"},"content":{"rendered":"<p>Le 11 novembre, la Belgique c\u00e9l\u00e8bre l&rsquo;armistice. Nos services seront ferm\u00e9s ce jour-l\u00e0. Nous serons de nouveau \u00e0 votre disposition mercredi.<\/p>\n","protected":false},"excerpt":{"rendered":"Le 11 novembre, la Belgique c\u00e9l\u00e8bre l&rsquo;armistice. Nos services seront ferm\u00e9s ce jour-l\u00e0. Nous serons de nouveau \u00e0 votre disposition mercredi.","protected":false},"author":2,"featured_media":17630,"comment_status":"closed","ping_status":"closed","sticky":false,"template":"","format":"standard","meta":{"_acf_changed":false,"footnotes":""},"categories":[71],"tags":[],"class_list":["post-17629","post","type-post","status-publish","format-standard","has-post-thumbnail","hentry","category-depuis-la-maison-communale"],"acf":[],"_links":{"self":[{"href":"https:\/\/www.kelmis.be\/fr\/wp-json\/wp\/v2\/posts\/17629","targetHints":{"allow":["GET"]}}],"collection":[{"href":"https:\/\/www.kelmis.be\/fr\/wp-json\/wp\/v2\/posts"}],"about":[{"href":"https:\/\/www.kelmis.be\/fr\/wp-json\/wp\/v2\/types\/post"}],"author":[{"embeddable":true,"href":"https:\/\/www.kelmis.be\/fr\/wp-json\/wp\/v2\/users\/2"}],"replies":[{"embeddable":true,"href":"https:\/\/www.kelmis.be\/fr\/wp-json\/wp\/v2\/comments?post=17629"}],"version-history":[{"count":1,"href":"https:\/\/www.kelmis.be\/fr\/wp-json\/wp\/v2\/posts\/17629\/revisions"}],"predecessor-version":[{"id":17631,"href":"https:\/\/www.kelmis.be\/fr\/wp-json\/wp\/v2\/posts\/17629\/revisions\/17631"}],"wp:featuredmedia":[{"embeddable":true,"href":"https:\/\/www.kelmis.be\/fr\/wp-json\/wp\/v2\/media\/17630"}],"wp:attachment":[{"href":"https:\/\/www.kelmis.be\/fr\/wp-json\/wp\/v2\/media?parent=17629"}],"wp:term":[{"taxonomy":"category","embeddable":true,"href":"https:\/\/www.kelmis.be\/fr\/wp-json\/wp\/v2\/categories?post=17629"},{"taxonomy":"post_tag","embeddable":true,"href":"https:\/\/www.kelmis.be\/fr\/wp-json\/wp\/v2\/tags?post=17629"}],"curies":[{"name":"wp","href":"https:\/\/api.w.org\/{rel}","templated":true}]}}