{"id":17623,"date":"2025-11-07T13:03:04","date_gmt":"2025-11-07T12:03:04","guid":{"rendered":"https:\/\/www.kelmis.be\/?p=17623"},"modified":"2025-11-07T13:12:55","modified_gmt":"2025-11-07T12:12:55","slug":"appel-a-candidatures-officiel-pour-lexploitation-du-park-hotel-et-de-la-villa-historique-du-parc","status":"publish","type":"post","link":"https:\/\/www.kelmis.be\/fr\/depuis-la-maison-communale\/appel-a-candidatures-officiel-pour-lexploitation-du-park-hotel-et-de-la-villa-historique-du-parc","title":{"rendered":"Appel \u00e0 candidatures officiel pour l\u2019exploitation du Park H\u00f4tel et de la Villa historique du Parc"},"content":{"rendered":"<p>La R\u00e9gie communale autonome (RCA) Galmei lance l\u2019appel \u00e0 candidatures officiel pour l\u2019exploitation du Park H\u00f4tel et de la Villa historique du Parc.<\/p>\n<p>Un op\u00e9rateur exp\u00e9riment\u00e9 et engag\u00e9 est recherch\u00e9 afin de d\u00e9velopper ces deux b\u00e2timents conjointement et d\u2019en faire un lieu vivant, touristique et gastronomique au centre de La Calamine.<\/p>\n<p>L\u2019ensemble, compos\u00e9 du Park H\u00f4tel modernis\u00e9 (12 chambres, syst\u00e8me d\u2019enregistrement sans contact) et de la Villa du Parc datant de 1840, est situ\u00e9 directement au bord du parc communal. Il allie histoire, hospitalit\u00e9 et potentiel de d\u00e9veloppement. Sa situation exceptionnelle, au c\u0153ur du triangle frontalier entre Aix-la-Chapelle, Maastricht et Li\u00e8ge, en fait une opportunit\u00e9 attrayante pour des concepts \u00e0 vocation touristique et culturelle.<\/p>\n<p>\u00ab Nous voulons faire de ce lieu une maison de rencontres, de plaisir et d\u2019hospitalit\u00e9 \u00bb, explique Bj\u00f6rn Klinkenberg, administrateur d\u00e9l\u00e9gu\u00e9 de la RCA. \u00ab Le Park H\u00f4tel doit accueillir les visiteurs, tandis que la Park Villa peut offrir un espace pour la gastronomie, la culture, le travail cr\u00e9atif et les \u00e9v\u00e9nements. Nous ouvrons les portes \u00e0 des personnes ayant des visions, des id\u00e9es et du courage. \u00bb<\/p>\n<p>La RCA mise d\u00e9lib\u00e9r\u00e9ment sur un concept global afin de permettre une utilisation synergique des deux b\u00e2timents. En plus des activit\u00e9s classiques d\u2019h\u00f4tellerie et de restauration, des extensions sont envisageables : gastronomie \u00e9ph\u00e9m\u00e8re (pop-up), activit\u00e9s culturelles, espaces de co-working, s\u00e9minaires ou encore offres de bien-\u00eatre.<\/p>\n<p>\u00ab Il ne s\u2019agit pas seulement d\u2019une exploitation commerciale \u2013 il s\u2019agit d\u2019identit\u00e9, d\u2019atmosph\u00e8re et d\u2019une offre pour notre r\u00e9gion \u00bb, souligne Klinkenberg. \u00ab Nous souhaitons trouver un partenaire qui enrichisse La Calamine, attire les gens et d\u00e9veloppe ce lieu avec c\u0153ur, professionnalisme et cr\u00e9ativit\u00e9. \u00bb<\/p>\n<p>L\u2019appel s\u2019adresse \u00e0 des professionnels de la restauration, de l\u2019h\u00f4tellerie, de la culture ou de l\u2019entrepreneuriat, ainsi qu\u2019\u00e0 des partenariats pr\u00e9sentant des concepts durables, \u00e9conomiquement viables et tourn\u00e9s vers l\u2019innovation.<\/p>\n<p>Informations cl\u00e9s de l\u2019appel \u00e0 candidatures (cfr. zone de t\u00e9l\u00e9chargement)<\/p>\n<p>Date limite de d\u00e9p\u00f4t des candidatures : 31 d\u00e9cembre 2025<br \/>\nDossier attendu : concept d\u2019exploitation complet, incluant un plan d\u2019affaires, financier et de d\u00e9veloppement<br \/>\nFormat de candidature : PDF \u00e0 envoyer par e-mail \u00e0<br \/>\n\ud83d\udce7 agr.konzept@kelmis.be<br \/>\nDocuments de candidature et informations compl\u00e9mentaires :<br \/>\nDisponibles aupr\u00e8s de la R\u00e9gie communale autonome Galmei,<br \/>\nrue de l\u2019\u00c9glise 31, 4720 La Calamine.<\/p>\n<p>&nbsp;<\/p>\n","protected":false},"excerpt":{"rendered":"La R\u00e9gie communale autonome (RCA) Galmei lance l\u2019appel \u00e0 candidatures officiel pour l\u2019exploitation du Park H\u00f4tel et de la Villa historique du Parc. Un op\u00e9rateur exp\u00e9riment\u00e9 et engag\u00e9 est recherch\u00e9 afin de d\u00e9velopper ces deux b\u00e2timents conjointement et d\u2019en faire un lieu vivant, touristique et gastronomique au centre de La Calamine. L\u2019ensemble, compos\u00e9 du Park [&hellip;]","protected":false},"author":2,"featured_media":17624,"comment_status":"closed","ping_status":"closed","sticky":false,"template":"","format":"standard","meta":{"_acf_changed":false,"footnotes":""},"categories":[71],"tags":[],"class_list":["post-17623","post","type-post","status-publish","format-standard","has-post-thumbnail","hentry","category-depuis-la-maison-communale"],"acf":[],"_links":{"self":[{"href":"https:\/\/www.kelmis.be\/fr\/wp-json\/wp\/v2\/posts\/17623","targetHints":{"allow":["GET"]}}],"collection":[{"href":"https:\/\/www.kelmis.be\/fr\/wp-json\/wp\/v2\/posts"}],"about":[{"href":"https:\/\/www.kelmis.be\/fr\/wp-json\/wp\/v2\/types\/post"}],"author":[{"embeddable":true,"href":"https:\/\/www.kelmis.be\/fr\/wp-json\/wp\/v2\/users\/2"}],"replies":[{"embeddable":true,"href":"https:\/\/www.kelmis.be\/fr\/wp-json\/wp\/v2\/comments?post=17623"}],"version-history":[{"count":1,"href":"https:\/\/www.kelmis.be\/fr\/wp-json\/wp\/v2\/posts\/17623\/revisions"}],"predecessor-version":[{"id":17625,"href":"https:\/\/www.kelmis.be\/fr\/wp-json\/wp\/v2\/posts\/17623\/revisions\/17625"}],"wp:featuredmedia":[{"embeddable":true,"href":"https:\/\/www.kelmis.be\/fr\/wp-json\/wp\/v2\/media\/17624"}],"wp:attachment":[{"href":"https:\/\/www.kelmis.be\/fr\/wp-json\/wp\/v2\/media?parent=17623"}],"wp:term":[{"taxonomy":"category","embeddable":true,"href":"https:\/\/www.kelmis.be\/fr\/wp-json\/wp\/v2\/categories?post=17623"},{"taxonomy":"post_tag","embeddable":true,"href":"https:\/\/www.kelmis.be\/fr\/wp-json\/wp\/v2\/tags?post=17623"}],"curies":[{"name":"wp","href":"https:\/\/api.w.org\/{rel}","templated":true}]}}