{"id":17610,"date":"2025-11-06T17:30:44","date_gmt":"2025-11-06T16:30:44","guid":{"rendered":"https:\/\/www.kelmis.be\/?p=17610"},"modified":"2025-11-06T17:48:14","modified_gmt":"2025-11-06T16:48:14","slug":"defiles-de-la-saint-martin-les-15-et-16-novembre-a-hergenrath-et-la-calamine","status":"publish","type":"post","link":"https:\/\/www.kelmis.be\/fr\/evenement\/defiles-de-la-saint-martin-les-15-et-16-novembre-a-hergenrath-et-la-calamine","title":{"rendered":"D\u00e9fil\u00e9s de la Saint-Martin les 15 et 16 novembre \u00e0 Hergenrath et La Calamine"},"content":{"rendered":"<p>Les 15 et 16 novembre, se tiendront les d\u00e9fil\u00e9s de la Saint-Martin dans notre commune.<\/p>\n<p>Le coup d&rsquo;envoi sera donn\u00e9 le samedi 15 novembre \u00e0 Hergenrath. Le rendez-vous est fix\u00e9 \u00e0 17 heures \u00e0 l&rsquo;\u00e9glise Saint-Martin. Le cort\u00e8ge remontera la rue d\u2019Aix-la-Chapelle et s&rsquo;ach\u00e8vera vers 18 heures au Winkelweg, o\u00f9 sera allum\u00e9 le feu de la Saint-Martin.<\/p>\n<p>Le dimanche 16 novembre, le traditionnel cort\u00e8ge de la Saint-Martin aura lieu \u00e0 La Calamine. La repr\u00e9sentation de la Saint-Martin est pr\u00e9vue \u00e0 17h30 dans l&rsquo;\u00e9glise paroissiale Notre-Dame de l\u2019Assomption. \u00c0 18h30, le cort\u00e8ge partira de la place de l&rsquo;\u00e9glise en direction du terrain de la Coul, o\u00f9 le feu de la Saint-Martin sera allum\u00e9.<\/p>\n<p>Invitation \u00e0 toutes et \u00e0 tous.<\/p>\n","protected":false},"excerpt":{"rendered":"Les 15 et 16 novembre, se tiendront les d\u00e9fil\u00e9s de la Saint-Martin dans notre commune. Le coup d&rsquo;envoi sera donn\u00e9 le samedi 15 novembre \u00e0 Hergenrath. Le rendez-vous est fix\u00e9 \u00e0 17 heures \u00e0 l&rsquo;\u00e9glise Saint-Martin. Le cort\u00e8ge remontera la rue d\u2019Aix-la-Chapelle et s&rsquo;ach\u00e8vera vers 18 heures au Winkelweg, o\u00f9 sera allum\u00e9 le feu de [&hellip;]","protected":false},"author":2,"featured_media":17611,"comment_status":"closed","ping_status":"closed","sticky":false,"template":"","format":"standard","meta":{"_acf_changed":false,"footnotes":""},"categories":[73],"tags":[],"class_list":["post-17610","post","type-post","status-publish","format-standard","has-post-thumbnail","hentry","category-evenement"],"acf":[],"_links":{"self":[{"href":"https:\/\/www.kelmis.be\/fr\/wp-json\/wp\/v2\/posts\/17610","targetHints":{"allow":["GET"]}}],"collection":[{"href":"https:\/\/www.kelmis.be\/fr\/wp-json\/wp\/v2\/posts"}],"about":[{"href":"https:\/\/www.kelmis.be\/fr\/wp-json\/wp\/v2\/types\/post"}],"author":[{"embeddable":true,"href":"https:\/\/www.kelmis.be\/fr\/wp-json\/wp\/v2\/users\/2"}],"replies":[{"embeddable":true,"href":"https:\/\/www.kelmis.be\/fr\/wp-json\/wp\/v2\/comments?post=17610"}],"version-history":[{"count":2,"href":"https:\/\/www.kelmis.be\/fr\/wp-json\/wp\/v2\/posts\/17610\/revisions"}],"predecessor-version":[{"id":17615,"href":"https:\/\/www.kelmis.be\/fr\/wp-json\/wp\/v2\/posts\/17610\/revisions\/17615"}],"wp:featuredmedia":[{"embeddable":true,"href":"https:\/\/www.kelmis.be\/fr\/wp-json\/wp\/v2\/media\/17611"}],"wp:attachment":[{"href":"https:\/\/www.kelmis.be\/fr\/wp-json\/wp\/v2\/media?parent=17610"}],"wp:term":[{"taxonomy":"category","embeddable":true,"href":"https:\/\/www.kelmis.be\/fr\/wp-json\/wp\/v2\/categories?post=17610"},{"taxonomy":"post_tag","embeddable":true,"href":"https:\/\/www.kelmis.be\/fr\/wp-json\/wp\/v2\/tags?post=17610"}],"curies":[{"name":"wp","href":"https:\/\/api.w.org\/{rel}","templated":true}]}}