{"id":17594,"date":"2025-11-06T15:18:18","date_gmt":"2025-11-06T14:18:18","guid":{"rendered":"https:\/\/www.kelmis.be\/?p=17594"},"modified":"2025-11-06T15:18:18","modified_gmt":"2025-11-06T14:18:18","slug":"prestations-de-serment-de-nouveaux-profs","status":"publish","type":"post","link":"https:\/\/www.kelmis.be\/fr\/actualite-dans-la-commune\/prestations-de-serment-de-nouveaux-profs","title":{"rendered":"Prestations de serment de nouveaux profs"},"content":{"rendered":"<p>Les enseignant(e)s suivant(e)s ont pr\u00eat\u00e9 serment cet apr\u00e8s-midi devant Sandy Nyssen, \u00e9chevine de l\u2019enseignement, en tant que nouveaux enseignants dans les \u00e9coles communales de La Calamine et Hergenrath : Dalina Meyer (\u00e9cole communale d&rsquo;Hergenrath), Sacha Meerts, Nicolas Cremer, Pauline Pricken et Estelle Fran\u00e7ois (tous\/toutes de l&rsquo;\u00e9cole communale de La Calamine).<\/p>\n","protected":false},"excerpt":{"rendered":"Les enseignant(e)s suivant(e)s ont pr\u00eat\u00e9 serment cet apr\u00e8s-midi devant Sandy Nyssen, \u00e9chevine de l\u2019enseignement, en tant que nouveaux enseignants dans les \u00e9coles communales de La Calamine et Hergenrath : Dalina Meyer (\u00e9cole communale d&rsquo;Hergenrath), Sacha Meerts, Nicolas Cremer, Pauline Pricken et Estelle Fran\u00e7ois (tous\/toutes de l&rsquo;\u00e9cole communale de La Calamine).","protected":false},"author":2,"featured_media":17595,"comment_status":"closed","ping_status":"closed","sticky":false,"template":"","format":"standard","meta":{"_acf_changed":false,"footnotes":""},"categories":[70],"tags":[],"class_list":["post-17594","post","type-post","status-publish","format-standard","has-post-thumbnail","hentry","category-actualite-dans-la-commune"],"acf":[],"_links":{"self":[{"href":"https:\/\/www.kelmis.be\/fr\/wp-json\/wp\/v2\/posts\/17594","targetHints":{"allow":["GET"]}}],"collection":[{"href":"https:\/\/www.kelmis.be\/fr\/wp-json\/wp\/v2\/posts"}],"about":[{"href":"https:\/\/www.kelmis.be\/fr\/wp-json\/wp\/v2\/types\/post"}],"author":[{"embeddable":true,"href":"https:\/\/www.kelmis.be\/fr\/wp-json\/wp\/v2\/users\/2"}],"replies":[{"embeddable":true,"href":"https:\/\/www.kelmis.be\/fr\/wp-json\/wp\/v2\/comments?post=17594"}],"version-history":[{"count":1,"href":"https:\/\/www.kelmis.be\/fr\/wp-json\/wp\/v2\/posts\/17594\/revisions"}],"predecessor-version":[{"id":17601,"href":"https:\/\/www.kelmis.be\/fr\/wp-json\/wp\/v2\/posts\/17594\/revisions\/17601"}],"wp:featuredmedia":[{"embeddable":true,"href":"https:\/\/www.kelmis.be\/fr\/wp-json\/wp\/v2\/media\/17595"}],"wp:attachment":[{"href":"https:\/\/www.kelmis.be\/fr\/wp-json\/wp\/v2\/media?parent=17594"}],"wp:term":[{"taxonomy":"category","embeddable":true,"href":"https:\/\/www.kelmis.be\/fr\/wp-json\/wp\/v2\/categories?post=17594"},{"taxonomy":"post_tag","embeddable":true,"href":"https:\/\/www.kelmis.be\/fr\/wp-json\/wp\/v2\/tags?post=17594"}],"curies":[{"name":"wp","href":"https:\/\/api.w.org\/{rel}","templated":true}]}}