{"id":17583,"date":"2025-11-06T12:01:40","date_gmt":"2025-11-06T11:01:40","guid":{"rendered":"https:\/\/www.kelmis.be\/?p=17583"},"modified":"2025-11-06T12:23:44","modified_gmt":"2025-11-06T11:23:44","slug":"decouverte-de-frelons-asiatiques-que-pouvez-vous-faire","status":"publish","type":"post","link":"https:\/\/www.kelmis.be\/fr\/depuis-la-maison-communale\/decouverte-de-frelons-asiatiques-que-pouvez-vous-faire","title":{"rendered":"D\u00e9couverte de frelons asiatiques ? Que pouvez-vous faire?"},"content":{"rendered":"<p>Le frelon asiatique est tr\u00e8s pr\u00e9sent actuellement. Son cycle de vie touche \u00e0 sa fin et il continue \u00e0 chercher de la nourriture jusqu&rsquo;\u00e0 fin novembre environ. Les plantes encore en fleurs et les tas de compost l&rsquo;attirent comme par magie, si bien que nous le rencontrons r\u00e9guli\u00e8rement pr\u00e8s de nos maisons.<\/p>\n<p>Cet insecte d&rsquo;environ 3 cm \u2013 notre frelon indig\u00e8ne est encore plus grand, mais il n&rsquo;est plus pr\u00e9sent actuellement \u2013 est consid\u00e9r\u00e9 comme une \u00ab esp\u00e8ce invasive \u00bb qui peut causer de graves dommages \u00e0 nos populations d&rsquo;abeilles mellif\u00e8res et sauvages. Les sp\u00e9cialistes de la R\u00e9gion wallonne annoncent que le frelon asiatique est d\u00e9sormais si r\u00e9pandu qu&rsquo;il n&rsquo;est plus possible de l&rsquo;\u00e9radiquer et que toute lutte pr\u00e9ventive serait un gaspillage d&rsquo;argent. Les apiculteurs disposeraient de moyens assez efficaces pour prot\u00e9ger au mieux leurs colonies d&rsquo;abeilles.<\/p>\n<p><strong>Le frelon asiatique repr\u00e9sente-t-il un danger pour nous ?<\/strong> Sa toxicit\u00e9 est moindre que celle d&rsquo;une gu\u00eape, mais son dard est plus long, ce qui rend sa piq\u00fbre plus douloureuse. Il est toutefois beaucoup plus agressif que notre frelon indig\u00e8ne. En tant qu&rsquo;\u00eatres humains, nous devons garder une distance de s\u00e9curit\u00e9 d&rsquo;environ 5 m\u00e8tres, en particulier par rapport \u00e0 un nid, sinon ils peuvent essaimer et attaquer le perturbateur, qui n&rsquo;aura alors d&rsquo;autre choix que de s&rsquo;enfuir rapidement du nid.<\/p>\n<p><strong>\u00c0 propos de nids :<\/strong> le frelon asiatique en construit deux. Au printemps, la reine construit un petit nid primaire, que l&rsquo;on peut trouver dans les abris de jardin, les remises et les abris en bois. Il vaut la peine de faire d\u00e9truire un tel nid, car cela emp\u00eache la formation de la colonie principale.<\/p>\n<p>Les nids des colonies principales se trouvent g\u00e9n\u00e9ralement dans de grands arbres, bien plus loin que la distance de s\u00e9curit\u00e9 recommand\u00e9e de 5 m. Mais ils peuvent aussi se trouver plus bas et\/ou \u00e0 proximit\u00e9 de lieux sensibles, tels que des \u00e9coles, des aires de jeux, des parcs et des terrasses. Dans ce cas, la colonie du nid doit \u00eatre d\u00e9truite. Comment ? N&rsquo;essayez jamais, jamais, jamais d&rsquo;agir vous-m\u00eame. Une telle intervention n\u00e9cessite des v\u00eatements de s\u00e9curit\u00e9 tr\u00e8s sp\u00e9ciaux et une formation sp\u00e9cifique.<\/p>\n<p><strong>Alors comment faire ?<\/strong> Veuillez le signaler au service environnement de la commune (087\/63 98 37 \u2013 087\/63 98 18 \u2013 umwelt@kelmis.be), qui pourra d\u00e9terminer si le nid se trouve sur une propri\u00e9t\u00e9 priv\u00e9e ou publique et le signaler simultan\u00e9ment aux autorit\u00e9s comp\u00e9tentes.<\/p>\n<p>Si le nid se trouve sur un terrain public, l&rsquo;autorit\u00e9 comp\u00e9tente est responsable de sa destruction. S&rsquo;il se trouve sur un terrain priv\u00e9, c&rsquo;est au propri\u00e9taire priv\u00e9 d&rsquo;agir.<\/p>\n<p>Attention ! Sauf en cas de danger tel que d\u00e9crit ci-dessus, il n&rsquo;y a aucune obligation de destruction.<\/p>\n<p>Toutefois, si tel est le cas, le bourgmestre peut, le cas \u00e9ch\u00e9ant, imposer la destruction par arr\u00eat\u00e9 bourgmestre. Si l&rsquo;instance ou le citoyen concern\u00e9 n&rsquo;agit pas, il peut faire proc\u00e9der \u00e0 la destruction aux frais du contrevenant.<\/p>\n<p><strong>O\u00f9 puis-je trouver des destructeurs qualifi\u00e9s ?<\/strong> Le service CRA-W de la R\u00e9gion wallonne tient <strong><a href=\"https:\/\/www.cra.wallonie.be\/fr\/carte-des-operateurs-frelon-asiatique\">une liste<\/a><\/strong>.<\/p>\n<p><strong>Combien cela co\u00fbte-t-il ?<\/strong> Entre 50 \u20ac et 200 \u20ac, selon le niveau d&rsquo;intervention. Les prix exacts, qui ne sont pas fixes, doivent \u00eatre demand\u00e9s aux prestataires de services.<\/p>\n","protected":false},"excerpt":{"rendered":"Le frelon asiatique est tr\u00e8s pr\u00e9sent actuellement. Son cycle de vie touche \u00e0 sa fin et il continue \u00e0 chercher de la nourriture jusqu&rsquo;\u00e0 fin novembre environ. Les plantes encore en fleurs et les tas de compost l&rsquo;attirent comme par magie, si bien que nous le rencontrons r\u00e9guli\u00e8rement pr\u00e8s de nos maisons. Cet insecte d&rsquo;environ [&hellip;]","protected":false},"author":2,"featured_media":17584,"comment_status":"closed","ping_status":"closed","sticky":false,"template":"","format":"standard","meta":{"_acf_changed":false,"footnotes":""},"categories":[71],"tags":[],"class_list":["post-17583","post","type-post","status-publish","format-standard","has-post-thumbnail","hentry","category-depuis-la-maison-communale"],"acf":[],"_links":{"self":[{"href":"https:\/\/www.kelmis.be\/fr\/wp-json\/wp\/v2\/posts\/17583","targetHints":{"allow":["GET"]}}],"collection":[{"href":"https:\/\/www.kelmis.be\/fr\/wp-json\/wp\/v2\/posts"}],"about":[{"href":"https:\/\/www.kelmis.be\/fr\/wp-json\/wp\/v2\/types\/post"}],"author":[{"embeddable":true,"href":"https:\/\/www.kelmis.be\/fr\/wp-json\/wp\/v2\/users\/2"}],"replies":[{"embeddable":true,"href":"https:\/\/www.kelmis.be\/fr\/wp-json\/wp\/v2\/comments?post=17583"}],"version-history":[{"count":1,"href":"https:\/\/www.kelmis.be\/fr\/wp-json\/wp\/v2\/posts\/17583\/revisions"}],"predecessor-version":[{"id":17585,"href":"https:\/\/www.kelmis.be\/fr\/wp-json\/wp\/v2\/posts\/17583\/revisions\/17585"}],"wp:featuredmedia":[{"embeddable":true,"href":"https:\/\/www.kelmis.be\/fr\/wp-json\/wp\/v2\/media\/17584"}],"wp:attachment":[{"href":"https:\/\/www.kelmis.be\/fr\/wp-json\/wp\/v2\/media?parent=17583"}],"wp:term":[{"taxonomy":"category","embeddable":true,"href":"https:\/\/www.kelmis.be\/fr\/wp-json\/wp\/v2\/categories?post=17583"},{"taxonomy":"post_tag","embeddable":true,"href":"https:\/\/www.kelmis.be\/fr\/wp-json\/wp\/v2\/tags?post=17583"}],"curies":[{"name":"wp","href":"https:\/\/api.w.org\/{rel}","templated":true}]}}