{"id":17529,"date":"2025-10-23T09:24:32","date_gmt":"2025-10-23T07:24:32","guid":{"rendered":"https:\/\/www.kelmis.be\/?p=17529"},"modified":"2025-10-23T09:43:42","modified_gmt":"2025-10-23T07:43:42","slug":"de-fortes-pluies-et-des-rafales-de-vent-annonces-pour-cet-apres-midi","status":"publish","type":"post","link":"https:\/\/www.kelmis.be\/fr\/depuis-la-maison-communale\/de-fortes-pluies-et-des-rafales-de-vent-annonces-pour-cet-apres-midi","title":{"rendered":"De fortes pluies et des rafales de vent annonc\u00e9s pour cet apr\u00e8s-midi"},"content":{"rendered":"<p>L&rsquo;Institut royal m\u00e9t\u00e9orologique d&rsquo;Uccle a pr\u00e9vu de fortes pluies et des rafales de vent pour jeudi apr\u00e8s-midi.<\/p>\n<p>Le code jaune est en vigueur pour la province de Li\u00e8ge.<\/p>\n<p>Le code jaune signifie des rafales de vent possibles entre 70 et 90 km\/h et des pr\u00e9cipitations de 20 \u00e0 30 l\/m\u00b2 en une heure, de 20 \u00e0 40 l\/m\u00b2 en six heures ou de 25 \u00e0 50 l\/m\u00b2 en 24 heures.<\/p>\n<p>Soyez prudent.<\/p>\n<p>Photo: Unsplash<\/p>\n","protected":false},"excerpt":{"rendered":"L&rsquo;Institut royal m\u00e9t\u00e9orologique d&rsquo;Uccle a pr\u00e9vu de fortes pluies et des rafales de vent pour jeudi apr\u00e8s-midi. Le code jaune est en vigueur pour la province de Li\u00e8ge. Le code jaune signifie des rafales de vent possibles entre 70 et 90 km\/h et des pr\u00e9cipitations de 20 \u00e0 30 l\/m\u00b2 en une heure, de 20 [&hellip;]","protected":false},"author":2,"featured_media":17530,"comment_status":"closed","ping_status":"closed","sticky":false,"template":"","format":"standard","meta":{"_acf_changed":false,"footnotes":""},"categories":[71],"tags":[],"class_list":["post-17529","post","type-post","status-publish","format-standard","has-post-thumbnail","hentry","category-depuis-la-maison-communale"],"acf":[],"_links":{"self":[{"href":"https:\/\/www.kelmis.be\/fr\/wp-json\/wp\/v2\/posts\/17529","targetHints":{"allow":["GET"]}}],"collection":[{"href":"https:\/\/www.kelmis.be\/fr\/wp-json\/wp\/v2\/posts"}],"about":[{"href":"https:\/\/www.kelmis.be\/fr\/wp-json\/wp\/v2\/types\/post"}],"author":[{"embeddable":true,"href":"https:\/\/www.kelmis.be\/fr\/wp-json\/wp\/v2\/users\/2"}],"replies":[{"embeddable":true,"href":"https:\/\/www.kelmis.be\/fr\/wp-json\/wp\/v2\/comments?post=17529"}],"version-history":[{"count":4,"href":"https:\/\/www.kelmis.be\/fr\/wp-json\/wp\/v2\/posts\/17529\/revisions"}],"predecessor-version":[{"id":17537,"href":"https:\/\/www.kelmis.be\/fr\/wp-json\/wp\/v2\/posts\/17529\/revisions\/17537"}],"wp:featuredmedia":[{"embeddable":true,"href":"https:\/\/www.kelmis.be\/fr\/wp-json\/wp\/v2\/media\/17530"}],"wp:attachment":[{"href":"https:\/\/www.kelmis.be\/fr\/wp-json\/wp\/v2\/media?parent=17529"}],"wp:term":[{"taxonomy":"category","embeddable":true,"href":"https:\/\/www.kelmis.be\/fr\/wp-json\/wp\/v2\/categories?post=17529"},{"taxonomy":"post_tag","embeddable":true,"href":"https:\/\/www.kelmis.be\/fr\/wp-json\/wp\/v2\/tags?post=17529"}],"curies":[{"name":"wp","href":"https:\/\/api.w.org\/{rel}","templated":true}]}}