{"id":17520,"date":"2025-10-22T16:22:11","date_gmt":"2025-10-22T14:22:11","guid":{"rendered":"https:\/\/www.kelmis.be\/?p=17520"},"modified":"2025-10-22T16:22:11","modified_gmt":"2025-10-22T14:22:11","slug":"vous-pouvez-a-nouveau-acheter-des-fruits-et-legumes-a-notre-marche","status":"publish","type":"post","link":"https:\/\/www.kelmis.be\/fr\/depuis-la-maison-communale\/vous-pouvez-a-nouveau-acheter-des-fruits-et-legumes-a-notre-marche","title":{"rendered":"Vous pouvez \u00e0 nouveau acheter des fruits et l\u00e9gumes \u00e0 notre march\u00e9"},"content":{"rendered":"<p>Depuis une semaine, l&rsquo;entreprise Jobkenne, situ\u00e9e \u00e0 Thimister, est de retour sur notre march\u00e9 hebdomadaire en tant que marchand de fruits et l\u00e9gumes.<\/p>\n<p>Ulrich Jobkenne a fond\u00e9 l&rsquo;entreprise en 1954. Avec Fabian (36 ans), c&rsquo;est d\u00e9sormais la quatri\u00e8me g\u00e9n\u00e9ration qui est \u00e0 l&rsquo;\u0153uvre. Apr\u00e8s son arri\u00e8re-grand-p\u00e8re, la direction a \u00e9t\u00e9 reprise par son grand-p\u00e8re Maurice, puis par son p\u00e8re Patrick (64 ans). Mais Fabian et Maurice ne travaillent pas seuls. La troisi\u00e8me personne du trio est Mariette, \u00e9galement appel\u00e9e \u00ab Chounette \u00bb, l&rsquo;\u00e9pouse de Patrick et la m\u00e8re de Fabian. \u00c0 eux trois, ils dirigent \u00ab Jobkenne Fruits et l\u00e9gumes primeurs \u00bb.<\/p>\n<p>Jobkenne est pr\u00e9sent pour la premi\u00e8re fois dans notre commune. \u00ab Nous sommes ravis de pouvoir d\u00e9sormais proposer nos produits \u00e0 la client\u00e8le de La Calamine tous les jeudis \u00bb, expliquent Patrick et Fabian Jobkenne.<\/p>\n<p>Outre notre march\u00e9 hebdomadaire, les Jobkennes sont \u00e9galement pr\u00e9sents sur les march\u00e9s d&rsquo;Eupen (le mercredi dans la ville basse, le vendredi dans la ville haute), de Bastogne et d&rsquo;Houffalize (en alternance le vendredi). Les commer\u00e7ants ont cong\u00e9 le dimanche et le lundi.<\/p>\n<p>Ils ach\u00e8tent leurs produits frais \u00e0 Li\u00e8ge\/Droixhe. Les journ\u00e9es des Jobkennes sont longues. Apr\u00e8s avoir achet\u00e9 et charg\u00e9 les fruits et l\u00e9gumes au march\u00e9 de gros pendant la nuit (vers 3 heures du matin), ils se rendent sur les diff\u00e9rents march\u00e9s. \u00c0 la fin du march\u00e9 (toujours en d\u00e9but d&rsquo;apr\u00e8s-midi), les produits invendus sont ramen\u00e9s \u00e0 Li\u00e8ge. La famille retourne ensuite \u00e0 Thimister, o\u00f9 elle livre une maison de retraite et une cr\u00e8che. Ce n&rsquo;est qu&rsquo;apr\u00e8s cela, vers 17\/18 heures, que la journ\u00e9e de travail est termin\u00e9e.<\/p>\n","protected":false},"excerpt":{"rendered":"Depuis une semaine, l&rsquo;entreprise Jobkenne, situ\u00e9e \u00e0 Thimister, est de retour sur notre march\u00e9 hebdomadaire en tant que marchand de fruits et l\u00e9gumes. Ulrich Jobkenne a fond\u00e9 l&rsquo;entreprise en 1954. Avec Fabian (36 ans), c&rsquo;est d\u00e9sormais la quatri\u00e8me g\u00e9n\u00e9ration qui est \u00e0 l&rsquo;\u0153uvre. Apr\u00e8s son arri\u00e8re-grand-p\u00e8re, la direction a \u00e9t\u00e9 reprise par son grand-p\u00e8re Maurice, [&hellip;]","protected":false},"author":2,"featured_media":17521,"comment_status":"closed","ping_status":"closed","sticky":false,"template":"","format":"standard","meta":{"_acf_changed":false,"footnotes":""},"categories":[71],"tags":[],"class_list":["post-17520","post","type-post","status-publish","format-standard","has-post-thumbnail","hentry","category-depuis-la-maison-communale"],"acf":[],"_links":{"self":[{"href":"https:\/\/www.kelmis.be\/fr\/wp-json\/wp\/v2\/posts\/17520","targetHints":{"allow":["GET"]}}],"collection":[{"href":"https:\/\/www.kelmis.be\/fr\/wp-json\/wp\/v2\/posts"}],"about":[{"href":"https:\/\/www.kelmis.be\/fr\/wp-json\/wp\/v2\/types\/post"}],"author":[{"embeddable":true,"href":"https:\/\/www.kelmis.be\/fr\/wp-json\/wp\/v2\/users\/2"}],"replies":[{"embeddable":true,"href":"https:\/\/www.kelmis.be\/fr\/wp-json\/wp\/v2\/comments?post=17520"}],"version-history":[{"count":1,"href":"https:\/\/www.kelmis.be\/fr\/wp-json\/wp\/v2\/posts\/17520\/revisions"}],"predecessor-version":[{"id":17522,"href":"https:\/\/www.kelmis.be\/fr\/wp-json\/wp\/v2\/posts\/17520\/revisions\/17522"}],"wp:featuredmedia":[{"embeddable":true,"href":"https:\/\/www.kelmis.be\/fr\/wp-json\/wp\/v2\/media\/17521"}],"wp:attachment":[{"href":"https:\/\/www.kelmis.be\/fr\/wp-json\/wp\/v2\/media?parent=17520"}],"wp:term":[{"taxonomy":"category","embeddable":true,"href":"https:\/\/www.kelmis.be\/fr\/wp-json\/wp\/v2\/categories?post=17520"},{"taxonomy":"post_tag","embeddable":true,"href":"https:\/\/www.kelmis.be\/fr\/wp-json\/wp\/v2\/tags?post=17520"}],"curies":[{"name":"wp","href":"https:\/\/api.w.org\/{rel}","templated":true}]}}