{"id":17511,"date":"2025-10-21T11:36:37","date_gmt":"2025-10-21T09:36:37","guid":{"rendered":"https:\/\/www.kelmis.be\/?p=17511"},"modified":"2025-10-21T11:58:30","modified_gmt":"2025-10-21T09:58:30","slug":"nouveau-depart-pour-loffice-du-tourisme-au-musee-vieille-montagne","status":"publish","type":"post","link":"https:\/\/www.kelmis.be\/fr\/offres-demploi\/nouveau-depart-pour-loffice-du-tourisme-au-musee-vieille-montagne","title":{"rendered":"Nouveau d\u00e9part pour l&rsquo;Office du tourisme au mus\u00e9e Vieille Montagne"},"content":{"rendered":"<p>D\u00e9but 2026, notre Office du tourisme entamera une nouvelle \u00e8re : il s&rsquo;installera alors au mus\u00e9e Vieille Montagne. Nous recherchons actuellement une personne (m\/f\/d) pour prendre la direction de l\u2019Office dans le cadre d&rsquo;un contrat de 19 heures. \u00ab Avec la nouvelle direction, nous voulons redynamiser et d\u00e9velopper le tourisme dans notre commune \u00bb, explique Bj\u00f6rn Klinkenberg, \u00e9chevin charg\u00e9 du tourisme.<\/p>\n<p>Notre office du tourisme avait \u00e9t\u00e9 temporairement ferm\u00e9 apr\u00e8s un accident de la circulation survenu le jeudi des femmes 2024, lors duquel un bus avait percut\u00e9 un mur du centre culturel Select.<\/p>\n<p>\u00ab Gr\u00e2ce au nouveau point d&rsquo;accueil situ\u00e9 dans le mus\u00e9e, nous pouvons encore mieux associer le tourisme \u00e0 notre histoire unique \u00bb, d\u00e9clare Bj\u00f6rn Klinkenberg.<\/p>\n","protected":false},"excerpt":{"rendered":"D\u00e9but 2026, notre Office du tourisme entamera une nouvelle \u00e8re : il s&rsquo;installera alors au mus\u00e9e Vieille Montagne. Nous recherchons actuellement une personne (m\/f\/d) pour prendre la direction de l\u2019Office dans le cadre d&rsquo;un contrat de 19 heures. \u00ab Avec la nouvelle direction, nous voulons redynamiser et d\u00e9velopper le tourisme dans notre commune \u00bb, explique [&hellip;]","protected":false},"author":2,"featured_media":17516,"comment_status":"closed","ping_status":"closed","sticky":false,"template":"","format":"standard","meta":{"_acf_changed":false,"footnotes":""},"categories":[72],"tags":[],"class_list":["post-17511","post","type-post","status-publish","format-standard","has-post-thumbnail","hentry","category-offres-demploi"],"acf":[],"_links":{"self":[{"href":"https:\/\/www.kelmis.be\/fr\/wp-json\/wp\/v2\/posts\/17511","targetHints":{"allow":["GET"]}}],"collection":[{"href":"https:\/\/www.kelmis.be\/fr\/wp-json\/wp\/v2\/posts"}],"about":[{"href":"https:\/\/www.kelmis.be\/fr\/wp-json\/wp\/v2\/types\/post"}],"author":[{"embeddable":true,"href":"https:\/\/www.kelmis.be\/fr\/wp-json\/wp\/v2\/users\/2"}],"replies":[{"embeddable":true,"href":"https:\/\/www.kelmis.be\/fr\/wp-json\/wp\/v2\/comments?post=17511"}],"version-history":[{"count":2,"href":"https:\/\/www.kelmis.be\/fr\/wp-json\/wp\/v2\/posts\/17511\/revisions"}],"predecessor-version":[{"id":17515,"href":"https:\/\/www.kelmis.be\/fr\/wp-json\/wp\/v2\/posts\/17511\/revisions\/17515"}],"wp:featuredmedia":[{"embeddable":true,"href":"https:\/\/www.kelmis.be\/fr\/wp-json\/wp\/v2\/media\/17516"}],"wp:attachment":[{"href":"https:\/\/www.kelmis.be\/fr\/wp-json\/wp\/v2\/media?parent=17511"}],"wp:term":[{"taxonomy":"category","embeddable":true,"href":"https:\/\/www.kelmis.be\/fr\/wp-json\/wp\/v2\/categories?post=17511"},{"taxonomy":"post_tag","embeddable":true,"href":"https:\/\/www.kelmis.be\/fr\/wp-json\/wp\/v2\/tags?post=17511"}],"curies":[{"name":"wp","href":"https:\/\/api.w.org\/{rel}","templated":true}]}}