{"id":17502,"date":"2025-10-21T09:43:25","date_gmt":"2025-10-21T07:43:25","guid":{"rendered":"https:\/\/www.kelmis.be\/?p=17502"},"modified":"2025-10-21T10:09:48","modified_gmt":"2025-10-21T08:09:48","slug":"marche-de-noel-de-la-calamine-les-6-et-7-decembre-reservez-votre-stand","status":"publish","type":"post","link":"https:\/\/www.kelmis.be\/fr\/evenement\/marche-de-noel-de-la-calamine-les-6-et-7-decembre-reservez-votre-stand","title":{"rendered":"March\u00e9 de No\u00ebl de La Calamine les 6 et 7 d\u00e9cembre : r\u00e9servez votre stand !"},"content":{"rendered":"<p>Les 6 et 7 d\u00e9cembre, le march\u00e9 de No\u00ebl de La Calamine se tiendra sur la place de l&rsquo;\u00c9glise. Si vous souhaitez y tenir un stand, vous pouvez vous inscrire jusqu&rsquo;au 31 octobre \u00e0 l&rsquo;adresse ribana.groffy@kelmis.be.<\/p>\n","protected":false},"excerpt":{"rendered":"Les 6 et 7 d\u00e9cembre, le march\u00e9 de No\u00ebl de La Calamine se tiendra sur la place de l&rsquo;\u00c9glise. Si vous souhaitez y tenir un stand, vous pouvez vous inscrire jusqu&rsquo;au 31 octobre \u00e0 l&rsquo;adresse ribana.groffy@kelmis.be.","protected":false},"author":2,"featured_media":17503,"comment_status":"closed","ping_status":"closed","sticky":false,"template":"","format":"standard","meta":{"_acf_changed":false,"footnotes":""},"categories":[73],"tags":[],"class_list":["post-17502","post","type-post","status-publish","format-standard","has-post-thumbnail","hentry","category-evenement"],"acf":[],"_links":{"self":[{"href":"https:\/\/www.kelmis.be\/fr\/wp-json\/wp\/v2\/posts\/17502","targetHints":{"allow":["GET"]}}],"collection":[{"href":"https:\/\/www.kelmis.be\/fr\/wp-json\/wp\/v2\/posts"}],"about":[{"href":"https:\/\/www.kelmis.be\/fr\/wp-json\/wp\/v2\/types\/post"}],"author":[{"embeddable":true,"href":"https:\/\/www.kelmis.be\/fr\/wp-json\/wp\/v2\/users\/2"}],"replies":[{"embeddable":true,"href":"https:\/\/www.kelmis.be\/fr\/wp-json\/wp\/v2\/comments?post=17502"}],"version-history":[{"count":1,"href":"https:\/\/www.kelmis.be\/fr\/wp-json\/wp\/v2\/posts\/17502\/revisions"}],"predecessor-version":[{"id":17504,"href":"https:\/\/www.kelmis.be\/fr\/wp-json\/wp\/v2\/posts\/17502\/revisions\/17504"}],"wp:featuredmedia":[{"embeddable":true,"href":"https:\/\/www.kelmis.be\/fr\/wp-json\/wp\/v2\/media\/17503"}],"wp:attachment":[{"href":"https:\/\/www.kelmis.be\/fr\/wp-json\/wp\/v2\/media?parent=17502"}],"wp:term":[{"taxonomy":"category","embeddable":true,"href":"https:\/\/www.kelmis.be\/fr\/wp-json\/wp\/v2\/categories?post=17502"},{"taxonomy":"post_tag","embeddable":true,"href":"https:\/\/www.kelmis.be\/fr\/wp-json\/wp\/v2\/tags?post=17502"}],"curies":[{"name":"wp","href":"https:\/\/api.w.org\/{rel}","templated":true}]}}