{"id":17482,"date":"2025-10-16T16:23:48","date_gmt":"2025-10-16T14:23:48","guid":{"rendered":"https:\/\/www.kelmis.be\/?p=17482"},"modified":"2025-10-16T16:23:48","modified_gmt":"2025-10-16T14:23:48","slug":"ozaki-ouvre-ses-portes-au-select-ce-lundi","status":"publish","type":"post","link":"https:\/\/www.kelmis.be\/fr\/actualite-dans-la-commune\/ozaki-ouvre-ses-portes-au-select-ce-lundi","title":{"rendered":"Ozaki ouvre ses portes au Select ce lundi"},"content":{"rendered":"<p>Lundi prochain, une nouvelle \u00e8re commence dans le secteur horeca du centre culturel \u00ab Select \u00bb : le restaurant de sushis Ozaki, situ\u00e9 dans la rue de Li\u00e8ge, ouvrira alors ses portes. Pour Ozaki, qui a conclu un contrat de location avec l&rsquo;ASBL Centre culturel Select, il s&rsquo;agit de la deuxi\u00e8me succursale dans la Communaut\u00e9 germanophone apr\u00e8s celle d&rsquo;Eynatten.<br \/>\nOzaki est ouvert tous les jours de 17 h \u00e0 22 h. Les clients qui commandent par t\u00e9l\u00e9phone et viennent chercher eux-m\u00eames leur commande b\u00e9n\u00e9ficient d&rsquo;une r\u00e9duction de 10 %.<br \/>\nEn plus de son activit\u00e9 habituelle, le restaurant propose un service traiteur pour les mariages, les anniversaires et les \u00e9v\u00e9nements d&rsquo;entreprise.<br \/>\nContact\/commandes : 087\/22 92 82<br \/>\nSite web : www.ozaki-kelmis.be<\/p>\n","protected":false},"excerpt":{"rendered":"Lundi prochain, une nouvelle \u00e8re commence dans le secteur horeca du centre culturel \u00ab Select \u00bb : le restaurant de sushis Ozaki, situ\u00e9 dans la rue de Li\u00e8ge, ouvrira alors ses portes. Pour Ozaki, qui a conclu un contrat de location avec l&rsquo;ASBL Centre culturel Select, il s&rsquo;agit de la deuxi\u00e8me succursale dans la Communaut\u00e9 [&hellip;]","protected":false},"author":2,"featured_media":17483,"comment_status":"closed","ping_status":"closed","sticky":false,"template":"","format":"standard","meta":{"_acf_changed":false,"footnotes":""},"categories":[70],"tags":[],"class_list":["post-17482","post","type-post","status-publish","format-standard","has-post-thumbnail","hentry","category-actualite-dans-la-commune"],"acf":[],"_links":{"self":[{"href":"https:\/\/www.kelmis.be\/fr\/wp-json\/wp\/v2\/posts\/17482","targetHints":{"allow":["GET"]}}],"collection":[{"href":"https:\/\/www.kelmis.be\/fr\/wp-json\/wp\/v2\/posts"}],"about":[{"href":"https:\/\/www.kelmis.be\/fr\/wp-json\/wp\/v2\/types\/post"}],"author":[{"embeddable":true,"href":"https:\/\/www.kelmis.be\/fr\/wp-json\/wp\/v2\/users\/2"}],"replies":[{"embeddable":true,"href":"https:\/\/www.kelmis.be\/fr\/wp-json\/wp\/v2\/comments?post=17482"}],"version-history":[{"count":1,"href":"https:\/\/www.kelmis.be\/fr\/wp-json\/wp\/v2\/posts\/17482\/revisions"}],"predecessor-version":[{"id":17484,"href":"https:\/\/www.kelmis.be\/fr\/wp-json\/wp\/v2\/posts\/17482\/revisions\/17484"}],"wp:featuredmedia":[{"embeddable":true,"href":"https:\/\/www.kelmis.be\/fr\/wp-json\/wp\/v2\/media\/17483"}],"wp:attachment":[{"href":"https:\/\/www.kelmis.be\/fr\/wp-json\/wp\/v2\/media?parent=17482"}],"wp:term":[{"taxonomy":"category","embeddable":true,"href":"https:\/\/www.kelmis.be\/fr\/wp-json\/wp\/v2\/categories?post=17482"},{"taxonomy":"post_tag","embeddable":true,"href":"https:\/\/www.kelmis.be\/fr\/wp-json\/wp\/v2\/tags?post=17482"}],"curies":[{"name":"wp","href":"https:\/\/api.w.org\/{rel}","templated":true}]}}