{"id":17431,"date":"2025-10-14T11:14:26","date_gmt":"2025-10-14T09:14:26","guid":{"rendered":"https:\/\/www.kelmis.be\/?p=17431"},"modified":"2025-10-14T11:21:54","modified_gmt":"2025-10-14T09:21:54","slug":"au-1er-janvier-2026-le-bihoraire-change-dhoraire","status":"publish","type":"post","link":"https:\/\/www.kelmis.be\/fr\/depuis-la-maison-communale\/au-1er-janvier-2026-le-bihoraire-change-dhoraire","title":{"rendered":"Au 1er janvier 2026, le bihoraire change d\u2019horaire"},"content":{"rendered":"<p>Le 1er janvier 2026 marquera l&rsquo;entr\u00e9e en vigueur d&rsquo;une modification importante des tarifs de distribution d&rsquo;\u00e9lectricit\u00e9 pour tous les utilisateurs du r\u00e9seau basse tension wallon. \u00c0 cette date, le calendrier du double tarif sera automatiquement modifi\u00e9.<\/p>\n<p>Ce changement d&rsquo;horaire est une premi\u00e8re \u00e9tape vers l&rsquo;adaptation de la consommation d&rsquo;\u00e9lectricit\u00e9, n\u00e9cessaire pour r\u00e9pondre aux \u00e9volutions du r\u00e9seau de distribution dans le cadre de la transition \u00e9nerg\u00e9tique.<\/p>\n<p>\u00c0 partir du 1er janvier 2026, le m\u00eame nouvel horaire s&rsquo;appliquera en semaine et le week-end :<\/p>\n<p>&#8211; heures de pointe : 7h00-11h00 et 17h00-22h00 ;<\/p>\n<p>&#8211; heures creuses : 22h00-07h00, avec des heures creuses suppl\u00e9mentaires tous les jours entre 11h00 et 17h00.<\/p>\n<p>Plus d&rsquo;infos sur <strong><a href=\"https:\/\/www.cwape.be\/node\/141#le-bihoraire-change-dhoraire\">ce site<\/a><\/strong>.<\/p>\n","protected":false},"excerpt":{"rendered":"Le 1er janvier 2026 marquera l&rsquo;entr\u00e9e en vigueur d&rsquo;une modification importante des tarifs de distribution d&rsquo;\u00e9lectricit\u00e9 pour tous les utilisateurs du r\u00e9seau basse tension wallon. \u00c0 cette date, le calendrier du double tarif sera automatiquement modifi\u00e9. Ce changement d&rsquo;horaire est une premi\u00e8re \u00e9tape vers l&rsquo;adaptation de la consommation d&rsquo;\u00e9lectricit\u00e9, n\u00e9cessaire pour r\u00e9pondre aux \u00e9volutions du [&hellip;]","protected":false},"author":2,"featured_media":17432,"comment_status":"closed","ping_status":"closed","sticky":false,"template":"","format":"standard","meta":{"_acf_changed":false,"footnotes":""},"categories":[71],"tags":[],"class_list":["post-17431","post","type-post","status-publish","format-standard","has-post-thumbnail","hentry","category-depuis-la-maison-communale"],"acf":[],"_links":{"self":[{"href":"https:\/\/www.kelmis.be\/fr\/wp-json\/wp\/v2\/posts\/17431","targetHints":{"allow":["GET"]}}],"collection":[{"href":"https:\/\/www.kelmis.be\/fr\/wp-json\/wp\/v2\/posts"}],"about":[{"href":"https:\/\/www.kelmis.be\/fr\/wp-json\/wp\/v2\/types\/post"}],"author":[{"embeddable":true,"href":"https:\/\/www.kelmis.be\/fr\/wp-json\/wp\/v2\/users\/2"}],"replies":[{"embeddable":true,"href":"https:\/\/www.kelmis.be\/fr\/wp-json\/wp\/v2\/comments?post=17431"}],"version-history":[{"count":1,"href":"https:\/\/www.kelmis.be\/fr\/wp-json\/wp\/v2\/posts\/17431\/revisions"}],"predecessor-version":[{"id":17433,"href":"https:\/\/www.kelmis.be\/fr\/wp-json\/wp\/v2\/posts\/17431\/revisions\/17433"}],"wp:featuredmedia":[{"embeddable":true,"href":"https:\/\/www.kelmis.be\/fr\/wp-json\/wp\/v2\/media\/17432"}],"wp:attachment":[{"href":"https:\/\/www.kelmis.be\/fr\/wp-json\/wp\/v2\/media?parent=17431"}],"wp:term":[{"taxonomy":"category","embeddable":true,"href":"https:\/\/www.kelmis.be\/fr\/wp-json\/wp\/v2\/categories?post=17431"},{"taxonomy":"post_tag","embeddable":true,"href":"https:\/\/www.kelmis.be\/fr\/wp-json\/wp\/v2\/tags?post=17431"}],"curies":[{"name":"wp","href":"https:\/\/api.w.org\/{rel}","templated":true}]}}