{"id":17416,"date":"2025-10-13T14:11:58","date_gmt":"2025-10-13T12:11:58","guid":{"rendered":"https:\/\/www.kelmis.be\/?p=17416"},"modified":"2025-10-13T14:12:06","modified_gmt":"2025-10-13T12:12:06","slug":"invitation-au-conseil-dadministration-ouvert-au-public-le-13-novembre","status":"publish","type":"post","link":"https:\/\/www.kelmis.be\/fr\/depuis-la-maison-communale\/invitation-au-conseil-dadministration-ouvert-au-public-le-13-novembre","title":{"rendered":"Invitation au conseil d\u2019administration ouvert au public le 13 novembre"},"content":{"rendered":"<p>Inivitation au conseil d\u2019administration ouvert au public de l\u2019intercommunale SPI. Quand ? Jeudi 13 novembre 2025 \u00e0 17h20. O\u00f9 ? Val Beno\u00eet \u2013 B\u00e2timent du G\u00e9nie civil \u2013 Quai Banning, 6 \u00e0 4000 Li\u00e8ge<\/p>\n<p>L\u2019ordre du jour\u00a0:<\/p>\n<p>Pr\u00e9sentation du rapport de gestion 2024 \u2013 Pr\u00e9sentation en s\u00e9ance<\/p>\n<p>2. Questions\/r\u00e9ponses (d\u00e9bat)<\/p>\n<p>&nbsp;<\/p>\n","protected":false},"excerpt":{"rendered":"Inivitation au conseil d\u2019administration ouvert au public de l\u2019intercommunale SPI. Quand ? Jeudi 13 novembre 2025 \u00e0 17h20. O\u00f9 ? Val Beno\u00eet \u2013 B\u00e2timent du G\u00e9nie civil \u2013 Quai Banning, 6 \u00e0 4000 Li\u00e8ge L\u2019ordre du jour\u00a0: Pr\u00e9sentation du rapport de gestion 2024 \u2013 Pr\u00e9sentation en s\u00e9ance 2. Questions\/r\u00e9ponses (d\u00e9bat) &nbsp;","protected":false},"author":2,"featured_media":17417,"comment_status":"closed","ping_status":"closed","sticky":false,"template":"","format":"standard","meta":{"_acf_changed":false,"footnotes":""},"categories":[71],"tags":[],"class_list":["post-17416","post","type-post","status-publish","format-standard","has-post-thumbnail","hentry","category-depuis-la-maison-communale"],"acf":[],"_links":{"self":[{"href":"https:\/\/www.kelmis.be\/fr\/wp-json\/wp\/v2\/posts\/17416","targetHints":{"allow":["GET"]}}],"collection":[{"href":"https:\/\/www.kelmis.be\/fr\/wp-json\/wp\/v2\/posts"}],"about":[{"href":"https:\/\/www.kelmis.be\/fr\/wp-json\/wp\/v2\/types\/post"}],"author":[{"embeddable":true,"href":"https:\/\/www.kelmis.be\/fr\/wp-json\/wp\/v2\/users\/2"}],"replies":[{"embeddable":true,"href":"https:\/\/www.kelmis.be\/fr\/wp-json\/wp\/v2\/comments?post=17416"}],"version-history":[{"count":1,"href":"https:\/\/www.kelmis.be\/fr\/wp-json\/wp\/v2\/posts\/17416\/revisions"}],"predecessor-version":[{"id":17418,"href":"https:\/\/www.kelmis.be\/fr\/wp-json\/wp\/v2\/posts\/17416\/revisions\/17418"}],"wp:featuredmedia":[{"embeddable":true,"href":"https:\/\/www.kelmis.be\/fr\/wp-json\/wp\/v2\/media\/17417"}],"wp:attachment":[{"href":"https:\/\/www.kelmis.be\/fr\/wp-json\/wp\/v2\/media?parent=17416"}],"wp:term":[{"taxonomy":"category","embeddable":true,"href":"https:\/\/www.kelmis.be\/fr\/wp-json\/wp\/v2\/categories?post=17416"},{"taxonomy":"post_tag","embeddable":true,"href":"https:\/\/www.kelmis.be\/fr\/wp-json\/wp\/v2\/tags?post=17416"}],"curies":[{"name":"wp","href":"https:\/\/api.w.org\/{rel}","templated":true}]}}