{"id":17401,"date":"2025-10-13T12:46:24","date_gmt":"2025-10-13T10:46:24","guid":{"rendered":"https:\/\/www.kelmis.be\/?p=17401"},"modified":"2025-10-13T13:10:59","modified_gmt":"2025-10-13T11:10:59","slug":"saint-martin-le-16-novembre-a-la-calamine-nous-recherchons-cinq-enfants-pour-jouer-les-roles-des-soldats","status":"publish","type":"post","link":"https:\/\/www.kelmis.be\/fr\/non-classifiee\/saint-martin-le-16-novembre-a-la-calamine-nous-recherchons-cinq-enfants-pour-jouer-les-roles-des-soldats","title":{"rendered":"Saint-Martin le 16 novembre \u00e0 La Calamine : nous recherchons cinq enfants pour accompagner Saint-Martin"},"content":{"rendered":"<p>Le dimanche 16 novembre, le traditionnel d\u00e9fil\u00e9 de la Saint-Martin aura lieu \u00e0 La Calamine. Apr\u00e8s une repr\u00e9sentation dans l\u2019\u00e9glise paroissiale Notre-Dame de l\u2019Assomption, le cort\u00e8ge d\u00e9butera \u00e0 18h30 depuis la place de l\u2019\u00c9glise.<\/p>\n<p>Dans ce cadre, nous recherchons cinq enfants, \u00e2g\u00e9s de six \u00e0 neuf ans, pour accompagner Saint Martin lors de la messe puis dans les rues du centre du village. Les enfants seront costum\u00e9s.<\/p>\n<p>Candidatures jusqu\u2019au 31 octobre par mail \u00e0 : ribana.groffy@kelmis.be<\/p>\n","protected":false},"excerpt":{"rendered":"Le dimanche 16 novembre, le traditionnel d\u00e9fil\u00e9 de la Saint-Martin aura lieu \u00e0 La Calamine. Apr\u00e8s une repr\u00e9sentation dans l\u2019\u00e9glise paroissiale Notre-Dame de l\u2019Assomption, le cort\u00e8ge d\u00e9butera \u00e0 18h30 depuis la place de l\u2019\u00c9glise. Dans ce cadre, nous recherchons cinq enfants, \u00e2g\u00e9s de six \u00e0 neuf ans, pour accompagner Saint Martin lors de la messe [&hellip;]","protected":false},"author":2,"featured_media":17402,"comment_status":"closed","ping_status":"closed","sticky":false,"template":"","format":"standard","meta":{"_acf_changed":false,"footnotes":""},"categories":[4],"tags":[],"class_list":["post-17401","post","type-post","status-publish","format-standard","has-post-thumbnail","hentry","category-non-classifiee"],"acf":[],"_links":{"self":[{"href":"https:\/\/www.kelmis.be\/fr\/wp-json\/wp\/v2\/posts\/17401","targetHints":{"allow":["GET"]}}],"collection":[{"href":"https:\/\/www.kelmis.be\/fr\/wp-json\/wp\/v2\/posts"}],"about":[{"href":"https:\/\/www.kelmis.be\/fr\/wp-json\/wp\/v2\/types\/post"}],"author":[{"embeddable":true,"href":"https:\/\/www.kelmis.be\/fr\/wp-json\/wp\/v2\/users\/2"}],"replies":[{"embeddable":true,"href":"https:\/\/www.kelmis.be\/fr\/wp-json\/wp\/v2\/comments?post=17401"}],"version-history":[{"count":4,"href":"https:\/\/www.kelmis.be\/fr\/wp-json\/wp\/v2\/posts\/17401\/revisions"}],"predecessor-version":[{"id":17409,"href":"https:\/\/www.kelmis.be\/fr\/wp-json\/wp\/v2\/posts\/17401\/revisions\/17409"}],"wp:featuredmedia":[{"embeddable":true,"href":"https:\/\/www.kelmis.be\/fr\/wp-json\/wp\/v2\/media\/17402"}],"wp:attachment":[{"href":"https:\/\/www.kelmis.be\/fr\/wp-json\/wp\/v2\/media?parent=17401"}],"wp:term":[{"taxonomy":"category","embeddable":true,"href":"https:\/\/www.kelmis.be\/fr\/wp-json\/wp\/v2\/categories?post=17401"},{"taxonomy":"post_tag","embeddable":true,"href":"https:\/\/www.kelmis.be\/fr\/wp-json\/wp\/v2\/tags?post=17401"}],"curies":[{"name":"wp","href":"https:\/\/api.w.org\/{rel}","templated":true}]}}