{"id":17350,"date":"2025-10-06T14:15:51","date_gmt":"2025-10-06T12:15:51","guid":{"rendered":"https:\/\/www.kelmis.be\/?p=17350"},"modified":"2025-10-06T14:15:51","modified_gmt":"2025-10-06T12:15:51","slug":"debut-du-marathon-de-la-proprete","status":"publish","type":"post","link":"https:\/\/www.kelmis.be\/fr\/actualite-dans-la-commune\/debut-du-marathon-de-la-proprete","title":{"rendered":"D\u00e9but du marathon de la propret\u00e9"},"content":{"rendered":"<p>\u00c0 partir d&rsquo;aujourd&rsquo;hui et jusqu&rsquo;\u00e0 vendredi, la Wallonie organise son marathon de la propret\u00e9. Les quatre communes du nord de la Communaut\u00e9 germanophone, dont la n\u00f4tre, et la zone de police Vesdre-Gueule y participent. Pendant cette p\u00e9riode, les agents de constatation patrouillent avec la police et dressent des proc\u00e8s-verbaux en cas d&rsquo;infraction. L&rsquo;accent est mis sur les m\u00e9gots de cigarettes jet\u00e9s, les excr\u00e9ments de chiens laiss\u00e9s sur place, les d\u00e9chets m\u00e9nagers ill\u00e9galement d\u00e9vers\u00e9s ou autres d\u00e9chets qui n&rsquo;ont pas \u00e9t\u00e9 \u00e9limin\u00e9s correctement et qui polluent la nature.<\/p>\n","protected":false},"excerpt":{"rendered":"\u00c0 partir d&rsquo;aujourd&rsquo;hui et jusqu&rsquo;\u00e0 vendredi, la Wallonie organise son marathon de la propret\u00e9. Les quatre communes du nord de la Communaut\u00e9 germanophone, dont la n\u00f4tre, et la zone de police Vesdre-Gueule y participent. Pendant cette p\u00e9riode, les agents de constatation patrouillent avec la police et dressent des proc\u00e8s-verbaux en cas d&rsquo;infraction. L&rsquo;accent est mis [&hellip;]","protected":false},"author":2,"featured_media":17351,"comment_status":"closed","ping_status":"closed","sticky":false,"template":"","format":"standard","meta":{"_acf_changed":false,"footnotes":""},"categories":[70],"tags":[],"class_list":["post-17350","post","type-post","status-publish","format-standard","has-post-thumbnail","hentry","category-actualite-dans-la-commune"],"acf":[],"_links":{"self":[{"href":"https:\/\/www.kelmis.be\/fr\/wp-json\/wp\/v2\/posts\/17350","targetHints":{"allow":["GET"]}}],"collection":[{"href":"https:\/\/www.kelmis.be\/fr\/wp-json\/wp\/v2\/posts"}],"about":[{"href":"https:\/\/www.kelmis.be\/fr\/wp-json\/wp\/v2\/types\/post"}],"author":[{"embeddable":true,"href":"https:\/\/www.kelmis.be\/fr\/wp-json\/wp\/v2\/users\/2"}],"replies":[{"embeddable":true,"href":"https:\/\/www.kelmis.be\/fr\/wp-json\/wp\/v2\/comments?post=17350"}],"version-history":[{"count":1,"href":"https:\/\/www.kelmis.be\/fr\/wp-json\/wp\/v2\/posts\/17350\/revisions"}],"predecessor-version":[{"id":17352,"href":"https:\/\/www.kelmis.be\/fr\/wp-json\/wp\/v2\/posts\/17350\/revisions\/17352"}],"wp:featuredmedia":[{"embeddable":true,"href":"https:\/\/www.kelmis.be\/fr\/wp-json\/wp\/v2\/media\/17351"}],"wp:attachment":[{"href":"https:\/\/www.kelmis.be\/fr\/wp-json\/wp\/v2\/media?parent=17350"}],"wp:term":[{"taxonomy":"category","embeddable":true,"href":"https:\/\/www.kelmis.be\/fr\/wp-json\/wp\/v2\/categories?post=17350"},{"taxonomy":"post_tag","embeddable":true,"href":"https:\/\/www.kelmis.be\/fr\/wp-json\/wp\/v2\/tags?post=17350"}],"curies":[{"name":"wp","href":"https:\/\/api.w.org\/{rel}","templated":true}]}}