{"id":17343,"date":"2025-10-06T12:13:48","date_gmt":"2025-10-06T10:13:48","guid":{"rendered":"https:\/\/www.kelmis.be\/?p=17343"},"modified":"2025-10-06T12:18:30","modified_gmt":"2025-10-06T10:18:30","slug":"changement-au-conseil-de-laction-sociale-hubert-hilligsmann-remplace-luc-frank","status":"publish","type":"post","link":"https:\/\/www.kelmis.be\/fr\/depuis-la-maison-communale\/changement-au-conseil-de-laction-sociale-hubert-hilligsmann-remplace-luc-frank","title":{"rendered":"Changement au conseil de l\u2019action sociale : Hubert Hilligsmann remplace Luc Frank"},"content":{"rendered":"<p>Un changement se pr\u00e9pare au sein du conseil de l\u2019action sociale : Hubert Hilligsmann a pr\u00eat\u00e9 serment lundi matin devant le bourgmestre Daniel Hilligsmann. Hubert Hilligsmann remplace Luc Frank, dont la d\u00e9mission sera act\u00e9e mardi soir par le conseil de l\u2019action sociale. Hubert Hilligsmann sera ensuite officiellement intronis\u00e9 en tant que membre du conseil.<\/p>\n","protected":false},"excerpt":{"rendered":"Un changement se pr\u00e9pare au sein du conseil de l\u2019action sociale : Hubert Hilligsmann a pr\u00eat\u00e9 serment lundi matin devant le bourgmestre Daniel Hilligsmann. Hubert Hilligsmann remplace Luc Frank, dont la d\u00e9mission sera act\u00e9e mardi soir par le conseil de l\u2019action sociale. Hubert Hilligsmann sera ensuite officiellement intronis\u00e9 en tant que membre du conseil.","protected":false},"author":2,"featured_media":17344,"comment_status":"closed","ping_status":"closed","sticky":false,"template":"","format":"standard","meta":{"_acf_changed":false,"footnotes":""},"categories":[71],"tags":[],"class_list":["post-17343","post","type-post","status-publish","format-standard","has-post-thumbnail","hentry","category-depuis-la-maison-communale"],"acf":[],"_links":{"self":[{"href":"https:\/\/www.kelmis.be\/fr\/wp-json\/wp\/v2\/posts\/17343","targetHints":{"allow":["GET"]}}],"collection":[{"href":"https:\/\/www.kelmis.be\/fr\/wp-json\/wp\/v2\/posts"}],"about":[{"href":"https:\/\/www.kelmis.be\/fr\/wp-json\/wp\/v2\/types\/post"}],"author":[{"embeddable":true,"href":"https:\/\/www.kelmis.be\/fr\/wp-json\/wp\/v2\/users\/2"}],"replies":[{"embeddable":true,"href":"https:\/\/www.kelmis.be\/fr\/wp-json\/wp\/v2\/comments?post=17343"}],"version-history":[{"count":2,"href":"https:\/\/www.kelmis.be\/fr\/wp-json\/wp\/v2\/posts\/17343\/revisions"}],"predecessor-version":[{"id":17346,"href":"https:\/\/www.kelmis.be\/fr\/wp-json\/wp\/v2\/posts\/17343\/revisions\/17346"}],"wp:featuredmedia":[{"embeddable":true,"href":"https:\/\/www.kelmis.be\/fr\/wp-json\/wp\/v2\/media\/17344"}],"wp:attachment":[{"href":"https:\/\/www.kelmis.be\/fr\/wp-json\/wp\/v2\/media?parent=17343"}],"wp:term":[{"taxonomy":"category","embeddable":true,"href":"https:\/\/www.kelmis.be\/fr\/wp-json\/wp\/v2\/categories?post=17343"},{"taxonomy":"post_tag","embeddable":true,"href":"https:\/\/www.kelmis.be\/fr\/wp-json\/wp\/v2\/tags?post=17343"}],"curies":[{"name":"wp","href":"https:\/\/api.w.org\/{rel}","templated":true}]}}