{"id":17337,"date":"2025-10-02T17:15:03","date_gmt":"2025-10-02T15:15:03","guid":{"rendered":"https:\/\/www.kelmis.be\/?p=17337"},"modified":"2025-10-02T17:15:03","modified_gmt":"2025-10-02T15:15:03","slug":"canalisation-reparee-sur-la-route-de-liege-feux-de-signalisation-demontes-pour-vendredi-matin","status":"publish","type":"post","link":"https:\/\/www.kelmis.be\/fr\/circulation\/canalisation-reparee-sur-la-route-de-liege-feux-de-signalisation-demontes-pour-vendredi-matin","title":{"rendered":"Canalisation r\u00e9par\u00e9e sur la route de Li\u00e8ge : feux de signalisation d\u00e9mont\u00e9s pour vendredi matin"},"content":{"rendered":"<p>INFORMATION IMPORTANTE POUR LES USAGERS DE LA ROUTE DE LI\u00c8GE<\/p>\n<p>Apr\u00e8s la rupture de canalisation sur la rue de Li\u00e8ge (pr\u00e8s de la station-service Ohn), les travaux de r\u00e9paration ont \u00e9t\u00e9 achev\u00e9s jeudi. Les feux de signalisation seront d\u00e9mont\u00e9s pour vendredi matin.<\/p>\n","protected":false},"excerpt":{"rendered":"INFORMATION IMPORTANTE POUR LES USAGERS DE LA ROUTE DE LI\u00c8GE Apr\u00e8s la rupture de canalisation sur la rue de Li\u00e8ge (pr\u00e8s de la station-service Ohn), les travaux de r\u00e9paration ont \u00e9t\u00e9 achev\u00e9s jeudi. Les feux de signalisation seront d\u00e9mont\u00e9s pour vendredi matin.","protected":false},"author":2,"featured_media":17338,"comment_status":"closed","ping_status":"closed","sticky":false,"template":"","format":"standard","meta":{"_acf_changed":false,"footnotes":""},"categories":[74],"tags":[],"class_list":["post-17337","post","type-post","status-publish","format-standard","has-post-thumbnail","hentry","category-circulation"],"acf":[],"_links":{"self":[{"href":"https:\/\/www.kelmis.be\/fr\/wp-json\/wp\/v2\/posts\/17337","targetHints":{"allow":["GET"]}}],"collection":[{"href":"https:\/\/www.kelmis.be\/fr\/wp-json\/wp\/v2\/posts"}],"about":[{"href":"https:\/\/www.kelmis.be\/fr\/wp-json\/wp\/v2\/types\/post"}],"author":[{"embeddable":true,"href":"https:\/\/www.kelmis.be\/fr\/wp-json\/wp\/v2\/users\/2"}],"replies":[{"embeddable":true,"href":"https:\/\/www.kelmis.be\/fr\/wp-json\/wp\/v2\/comments?post=17337"}],"version-history":[{"count":1,"href":"https:\/\/www.kelmis.be\/fr\/wp-json\/wp\/v2\/posts\/17337\/revisions"}],"predecessor-version":[{"id":17339,"href":"https:\/\/www.kelmis.be\/fr\/wp-json\/wp\/v2\/posts\/17337\/revisions\/17339"}],"wp:featuredmedia":[{"embeddable":true,"href":"https:\/\/www.kelmis.be\/fr\/wp-json\/wp\/v2\/media\/17338"}],"wp:attachment":[{"href":"https:\/\/www.kelmis.be\/fr\/wp-json\/wp\/v2\/media?parent=17337"}],"wp:term":[{"taxonomy":"category","embeddable":true,"href":"https:\/\/www.kelmis.be\/fr\/wp-json\/wp\/v2\/categories?post=17337"},{"taxonomy":"post_tag","embeddable":true,"href":"https:\/\/www.kelmis.be\/fr\/wp-json\/wp\/v2\/tags?post=17337"}],"curies":[{"name":"wp","href":"https:\/\/api.w.org\/{rel}","templated":true}]}}