{"id":17331,"date":"2025-10-02T16:51:22","date_gmt":"2025-10-02T14:51:22","guid":{"rendered":"https:\/\/www.kelmis.be\/?p=17331"},"modified":"2025-10-02T16:51:33","modified_gmt":"2025-10-02T14:51:33","slug":"les-visions-davenir-des-enfants-de-la-commune-lexpo-au-musee-demarre-demain","status":"publish","type":"post","link":"https:\/\/www.kelmis.be\/fr\/evenement\/les-visions-davenir-des-enfants-de-la-commune-lexpo-au-musee-demarre-demain","title":{"rendered":"Les visions d&rsquo;avenir des enfants de la commune : l&rsquo;expo au mus\u00e9e d\u00e9marre demain"},"content":{"rendered":"<p>Le mus\u00e9e Vieille Montagne et l\u2019Atelier cr\u00e9atif vous invitent au vernissage de l&rsquo;exposition temporaire \u00ab Notre avenir \u2013 r\u00eaves, utopies &amp; super pouvoirs \u00bb le 3 octobre 2025 \u00e0 17h30.<\/p>\n<p>Cette exposition temporaire pr\u00e9sente les visions d&rsquo;avenir des enfants de la commune. Sous le th\u00e8me \u00a0\u00ab Moi dans le futur ! \u00bb, chaque enfant a r\u00e9alis\u00e9 un autoportrait de lui-m\u00eame tel qu\u2019il se voit dans les ann\u00e9es \u00e0 venir \u2013 sans aucune limite \u00e0 leur imagination. Les \u0153uvres et les techniques utilis\u00e9es sont enti\u00e8rement choisies par les enfants, et nous nous laissons surprendre par leur cr\u00e9ativit\u00e9 !<\/p>\n<p>Mais les enfants ne se contentent pas de fournir les \u0153uvres : ils sont activement impliqu\u00e9s dans la conception et l\u2019organisation de l\u2019exposition. Ils d\u00e9cident quel objet sera mis en sc\u00e8ne dans le mus\u00e9e et participent \u00e0 la r\u00e9alisation du\u00a0vernissage\u00a0\u2013 une exposition\u00a0par les enfants, pour La Calamine et les visiteurs du MVM.<\/p>\n<p>L\u2019objectif est de faire \u00e9merger une vision du futur \u00e0 travers les yeux des enfants, qui pourra inspirer les adultes \u00e0 rendre ce futur possible.<\/p>\n<p>Le\u00a0vernissage\u00a0aura lieu \u00e0 l\u2019arri\u00e8re du mus\u00e9e.<\/p>\n<p>Inscription souhait\u00e9e\u00a0via\u00a0mvm@kelmis.be\u00a0ou au +32 87 65 75 04<\/p>\n","protected":false},"excerpt":{"rendered":"Le mus\u00e9e Vieille Montagne et l\u2019Atelier cr\u00e9atif vous invitent au vernissage de l&rsquo;exposition temporaire \u00ab Notre avenir \u2013 r\u00eaves, utopies &amp; super pouvoirs \u00bb le 3 octobre 2025 \u00e0 17h30. Cette exposition temporaire pr\u00e9sente les visions d&rsquo;avenir des enfants de la commune. Sous le th\u00e8me \u00a0\u00ab Moi dans le futur ! \u00bb, chaque enfant a [&hellip;]","protected":false},"author":2,"featured_media":17332,"comment_status":"closed","ping_status":"closed","sticky":false,"template":"","format":"standard","meta":{"_acf_changed":false,"footnotes":""},"categories":[73],"tags":[],"class_list":["post-17331","post","type-post","status-publish","format-standard","has-post-thumbnail","hentry","category-evenement"],"acf":[],"_links":{"self":[{"href":"https:\/\/www.kelmis.be\/fr\/wp-json\/wp\/v2\/posts\/17331","targetHints":{"allow":["GET"]}}],"collection":[{"href":"https:\/\/www.kelmis.be\/fr\/wp-json\/wp\/v2\/posts"}],"about":[{"href":"https:\/\/www.kelmis.be\/fr\/wp-json\/wp\/v2\/types\/post"}],"author":[{"embeddable":true,"href":"https:\/\/www.kelmis.be\/fr\/wp-json\/wp\/v2\/users\/2"}],"replies":[{"embeddable":true,"href":"https:\/\/www.kelmis.be\/fr\/wp-json\/wp\/v2\/comments?post=17331"}],"version-history":[{"count":1,"href":"https:\/\/www.kelmis.be\/fr\/wp-json\/wp\/v2\/posts\/17331\/revisions"}],"predecessor-version":[{"id":17333,"href":"https:\/\/www.kelmis.be\/fr\/wp-json\/wp\/v2\/posts\/17331\/revisions\/17333"}],"wp:featuredmedia":[{"embeddable":true,"href":"https:\/\/www.kelmis.be\/fr\/wp-json\/wp\/v2\/media\/17332"}],"wp:attachment":[{"href":"https:\/\/www.kelmis.be\/fr\/wp-json\/wp\/v2\/media?parent=17331"}],"wp:term":[{"taxonomy":"category","embeddable":true,"href":"https:\/\/www.kelmis.be\/fr\/wp-json\/wp\/v2\/categories?post=17331"},{"taxonomy":"post_tag","embeddable":true,"href":"https:\/\/www.kelmis.be\/fr\/wp-json\/wp\/v2\/tags?post=17331"}],"curies":[{"name":"wp","href":"https:\/\/api.w.org\/{rel}","templated":true}]}}