{"id":17321,"date":"2025-10-02T14:07:27","date_gmt":"2025-10-02T12:07:27","guid":{"rendered":"https:\/\/www.kelmis.be\/?p=17321"},"modified":"2025-10-02T14:11:20","modified_gmt":"2025-10-02T12:11:20","slug":"nouveau-chapitre-pour-la-linde-lassociation-villageoise-demarre-son-activite-avec-une-soiree-bar","status":"publish","type":"post","link":"https:\/\/www.kelmis.be\/fr\/evenement\/nouveau-chapitre-pour-la-linde-lassociation-villageoise-demarre-son-activite-avec-une-soiree-bar","title":{"rendered":"Nouveau chapitre pour la \u00ab Linde \u00bb : l&rsquo;association villageoise d\u00e9marre son activit\u00e9 avec une soir\u00e9e bar"},"content":{"rendered":"<p>Ce vendredi soir, la \u00ab Linde \u00bb \u00e0 Hergenrath f\u00eate sa premi\u00e8re dans sa nouvelle fonction : apr\u00e8s de nombreuses ann\u00e9es en tant que restaurant, l&rsquo;association villageoise de Hergenrath a repris la gestion du b\u00e2timent et organise dans ce cadre demain soir \u00e0 partir de 19h30 une soir\u00e9e bar. C&rsquo;est le coup d&rsquo;envoi officiel du b\u00e2timent en tant que maison de village pour la communaut\u00e9 villageoise de Hergenrath. Outre les soir\u00e9es pub, qui auront lieu tous les premiers vendredis du mois, le b\u00e2timent peut \u00eatre utilis\u00e9 de multiples fa\u00e7ons par les jeunes et les moins jeunes. Il est pr\u00e9vu d&rsquo;y organiser des cours de langue, des r\u00e9unions, des d\u00e9gustations de vin, des soir\u00e9es chanson, etc.<\/p>\n<p>Revenons \u00e0 la soir\u00e9e ce vendredi \u00e0 19h30.<\/p>\n<p>Qu&rsquo;est-ce qui attend les invit\u00e9(e)s ?<\/p>\n<p>Trois bi\u00e8res pression (Jupiler, Val Dieu blonde et Fourchette) ainsi que des jeux tels que baby-foot, fl\u00e9chettes et billard. Les bi\u00e8res pression peuvent \u00eatre vari\u00e9es r\u00e9guli\u00e8rement, \u00e0 la demande du public ou en fonction de la disponibilit\u00e9 chez le fournisseur.<\/p>\n<p>Contacter l&rsquo;association villageoise : dorfvereinhergenrath@outlook.com<\/p>\n","protected":false},"excerpt":{"rendered":"Ce vendredi soir, la \u00ab Linde \u00bb \u00e0 Hergenrath f\u00eate sa premi\u00e8re dans sa nouvelle fonction : apr\u00e8s de nombreuses ann\u00e9es en tant que restaurant, l&rsquo;association villageoise de Hergenrath a repris la gestion du b\u00e2timent et organise dans ce cadre demain soir \u00e0 partir de 19h30 une soir\u00e9e bar. C&rsquo;est le coup d&rsquo;envoi officiel du [&hellip;]","protected":false},"author":2,"featured_media":17322,"comment_status":"closed","ping_status":"closed","sticky":false,"template":"","format":"standard","meta":{"_acf_changed":false,"footnotes":""},"categories":[73],"tags":[],"class_list":["post-17321","post","type-post","status-publish","format-standard","has-post-thumbnail","hentry","category-evenement"],"acf":[],"_links":{"self":[{"href":"https:\/\/www.kelmis.be\/fr\/wp-json\/wp\/v2\/posts\/17321","targetHints":{"allow":["GET"]}}],"collection":[{"href":"https:\/\/www.kelmis.be\/fr\/wp-json\/wp\/v2\/posts"}],"about":[{"href":"https:\/\/www.kelmis.be\/fr\/wp-json\/wp\/v2\/types\/post"}],"author":[{"embeddable":true,"href":"https:\/\/www.kelmis.be\/fr\/wp-json\/wp\/v2\/users\/2"}],"replies":[{"embeddable":true,"href":"https:\/\/www.kelmis.be\/fr\/wp-json\/wp\/v2\/comments?post=17321"}],"version-history":[{"count":2,"href":"https:\/\/www.kelmis.be\/fr\/wp-json\/wp\/v2\/posts\/17321\/revisions"}],"predecessor-version":[{"id":17325,"href":"https:\/\/www.kelmis.be\/fr\/wp-json\/wp\/v2\/posts\/17321\/revisions\/17325"}],"wp:featuredmedia":[{"embeddable":true,"href":"https:\/\/www.kelmis.be\/fr\/wp-json\/wp\/v2\/media\/17322"}],"wp:attachment":[{"href":"https:\/\/www.kelmis.be\/fr\/wp-json\/wp\/v2\/media?parent=17321"}],"wp:term":[{"taxonomy":"category","embeddable":true,"href":"https:\/\/www.kelmis.be\/fr\/wp-json\/wp\/v2\/categories?post=17321"},{"taxonomy":"post_tag","embeddable":true,"href":"https:\/\/www.kelmis.be\/fr\/wp-json\/wp\/v2\/tags?post=17321"}],"curies":[{"name":"wp","href":"https:\/\/api.w.org\/{rel}","templated":true}]}}