{"id":17314,"date":"2025-10-01T11:57:31","date_gmt":"2025-10-01T09:57:31","guid":{"rendered":"https:\/\/www.kelmis.be\/?p=17314"},"modified":"2025-10-01T12:08:05","modified_gmt":"2025-10-01T10:08:05","slug":"conteneurs-a-verre-et-a-terre-quittent-la-rue-reine-fabiola","status":"publish","type":"post","link":"https:\/\/www.kelmis.be\/fr\/actualite-dans-la-commune\/conteneurs-a-verre-et-a-terre-quittent-la-rue-reine-fabiola","title":{"rendered":"Conteneurs \u00e0 verre et \u00e0 terre quittent la rue Reine Fabiola"},"content":{"rendered":"<p>Nouveaut\u00e9 importante pour tous les utilisateurs et utilisatrices des conteneurs \u00e0 verre et \u00e0 terre de la rue Reine Fabiola \u00e0 La Calamine: les conteneurs seront d\u00e9plac\u00e9s vendredi prochain.<\/p>\n<p><strong>O\u00f9 ?<\/strong><\/p>\n<p>Les deux conteneurs \u00e0 verre viendront compl\u00e9ter l&#8217;emplacement de la rue Li\u00e8ge (ancien parking des douanes), tandis que le conteneur \u00e0 v\u00eatements sera install\u00e9 \u00e0 c\u00f4t\u00e9 des conteneurs \u00e0 verre \u00e0 Brandeh\u00f6vel.<\/p>\n<p>Vous trouverez la liste de tous les emplacements des conteneurs \u00e0 verre dans notre commune dans <strong><a href=\"https:\/\/www.intradel.be\/trier-ses-dechets\/bulles-a-verre.htm?address=4720#map\">ce lien<\/a><\/strong>.<\/p>\n<p>Vous trouverez la liste des conteneurs \u00e0 v\u00eatements <strong><a href=\"https:\/\/bulles.terre.be\/terre_sf\/#findSites:1\">ici<\/a><\/strong>.<\/p>\n<p>&nbsp;<\/p>\n","protected":false},"excerpt":{"rendered":"Nouveaut\u00e9 importante pour tous les utilisateurs et utilisatrices des conteneurs \u00e0 verre et \u00e0 terre de la rue Reine Fabiola \u00e0 La Calamine: les conteneurs seront d\u00e9plac\u00e9s vendredi prochain. O\u00f9 ? Les deux conteneurs \u00e0 verre viendront compl\u00e9ter l&#8217;emplacement de la rue Li\u00e8ge (ancien parking des douanes), tandis que le conteneur \u00e0 v\u00eatements sera install\u00e9 [&hellip;]","protected":false},"author":2,"featured_media":17315,"comment_status":"closed","ping_status":"closed","sticky":false,"template":"","format":"standard","meta":{"_acf_changed":false,"footnotes":""},"categories":[70],"tags":[],"class_list":["post-17314","post","type-post","status-publish","format-standard","has-post-thumbnail","hentry","category-actualite-dans-la-commune"],"acf":[],"_links":{"self":[{"href":"https:\/\/www.kelmis.be\/fr\/wp-json\/wp\/v2\/posts\/17314","targetHints":{"allow":["GET"]}}],"collection":[{"href":"https:\/\/www.kelmis.be\/fr\/wp-json\/wp\/v2\/posts"}],"about":[{"href":"https:\/\/www.kelmis.be\/fr\/wp-json\/wp\/v2\/types\/post"}],"author":[{"embeddable":true,"href":"https:\/\/www.kelmis.be\/fr\/wp-json\/wp\/v2\/users\/2"}],"replies":[{"embeddable":true,"href":"https:\/\/www.kelmis.be\/fr\/wp-json\/wp\/v2\/comments?post=17314"}],"version-history":[{"count":1,"href":"https:\/\/www.kelmis.be\/fr\/wp-json\/wp\/v2\/posts\/17314\/revisions"}],"predecessor-version":[{"id":17316,"href":"https:\/\/www.kelmis.be\/fr\/wp-json\/wp\/v2\/posts\/17314\/revisions\/17316"}],"wp:featuredmedia":[{"embeddable":true,"href":"https:\/\/www.kelmis.be\/fr\/wp-json\/wp\/v2\/media\/17315"}],"wp:attachment":[{"href":"https:\/\/www.kelmis.be\/fr\/wp-json\/wp\/v2\/media?parent=17314"}],"wp:term":[{"taxonomy":"category","embeddable":true,"href":"https:\/\/www.kelmis.be\/fr\/wp-json\/wp\/v2\/categories?post=17314"},{"taxonomy":"post_tag","embeddable":true,"href":"https:\/\/www.kelmis.be\/fr\/wp-json\/wp\/v2\/tags?post=17314"}],"curies":[{"name":"wp","href":"https:\/\/api.w.org\/{rel}","templated":true}]}}