{"id":17296,"date":"2025-09-30T11:56:47","date_gmt":"2025-09-30T09:56:47","guid":{"rendered":"https:\/\/www.kelmis.be\/?p=17296"},"modified":"2025-09-30T11:56:47","modified_gmt":"2025-09-30T09:56:47","slug":"bons-repas-dans-le-kelmis-magazine-les-gagnants-ont-ete-contactes","status":"publish","type":"post","link":"https:\/\/www.kelmis.be\/fr\/depuis-la-maison-communale\/bons-repas-dans-le-kelmis-magazine-les-gagnants-ont-ete-contactes","title":{"rendered":"Bons-repas dans le Kelmis magazine : les gagnants ont \u00e9t\u00e9 contact\u00e9s"},"content":{"rendered":"<p>Avec \u00ab L&rsquo;\u00e9table 67 \u00bb, Caroline Steffens a r\u00e9alis\u00e9 son r\u00eave. La derni\u00e8re \u00e9dition du Kelmis magazine a consacr\u00e9 un portrait \u00e0 son \u00ab caf\u00e9 vert \u00bb situ\u00e9 \u00e0 la gare de Hergenrath. Caroline Steffens a offert deux bons repas d&rsquo;une valeur de 50 euros chacun dans le magazine. Le tirage au sort a d\u00e9sormais eu lieu. Les gagnants ont \u00e9t\u00e9 contact\u00e9s directement.<\/p>\n","protected":false},"excerpt":{"rendered":"Avec \u00ab L&rsquo;\u00e9table 67 \u00bb, Caroline Steffens a r\u00e9alis\u00e9 son r\u00eave. La derni\u00e8re \u00e9dition du Kelmis magazine a consacr\u00e9 un portrait \u00e0 son \u00ab caf\u00e9 vert \u00bb situ\u00e9 \u00e0 la gare de Hergenrath. Caroline Steffens a offert deux bons repas d&rsquo;une valeur de 50 euros chacun dans le magazine. Le tirage au sort a d\u00e9sormais [&hellip;]","protected":false},"author":2,"featured_media":17297,"comment_status":"closed","ping_status":"closed","sticky":false,"template":"","format":"standard","meta":{"_acf_changed":false,"footnotes":""},"categories":[71],"tags":[],"class_list":["post-17296","post","type-post","status-publish","format-standard","has-post-thumbnail","hentry","category-depuis-la-maison-communale"],"acf":[],"_links":{"self":[{"href":"https:\/\/www.kelmis.be\/fr\/wp-json\/wp\/v2\/posts\/17296","targetHints":{"allow":["GET"]}}],"collection":[{"href":"https:\/\/www.kelmis.be\/fr\/wp-json\/wp\/v2\/posts"}],"about":[{"href":"https:\/\/www.kelmis.be\/fr\/wp-json\/wp\/v2\/types\/post"}],"author":[{"embeddable":true,"href":"https:\/\/www.kelmis.be\/fr\/wp-json\/wp\/v2\/users\/2"}],"replies":[{"embeddable":true,"href":"https:\/\/www.kelmis.be\/fr\/wp-json\/wp\/v2\/comments?post=17296"}],"version-history":[{"count":1,"href":"https:\/\/www.kelmis.be\/fr\/wp-json\/wp\/v2\/posts\/17296\/revisions"}],"predecessor-version":[{"id":17298,"href":"https:\/\/www.kelmis.be\/fr\/wp-json\/wp\/v2\/posts\/17296\/revisions\/17298"}],"wp:featuredmedia":[{"embeddable":true,"href":"https:\/\/www.kelmis.be\/fr\/wp-json\/wp\/v2\/media\/17297"}],"wp:attachment":[{"href":"https:\/\/www.kelmis.be\/fr\/wp-json\/wp\/v2\/media?parent=17296"}],"wp:term":[{"taxonomy":"category","embeddable":true,"href":"https:\/\/www.kelmis.be\/fr\/wp-json\/wp\/v2\/categories?post=17296"},{"taxonomy":"post_tag","embeddable":true,"href":"https:\/\/www.kelmis.be\/fr\/wp-json\/wp\/v2\/tags?post=17296"}],"curies":[{"name":"wp","href":"https:\/\/api.w.org\/{rel}","templated":true}]}}