{"id":17284,"date":"2025-09-25T15:06:47","date_gmt":"2025-09-25T13:06:47","guid":{"rendered":"https:\/\/www.kelmis.be\/?p=17284"},"modified":"2025-09-25T15:41:21","modified_gmt":"2025-09-25T13:41:21","slug":"porte-dentree-principale-de-la-maison-communale-a-nouveau-ouverte-a-tous-et-a-toutes","status":"publish","type":"post","link":"https:\/\/www.kelmis.be\/fr\/depuis-la-maison-communale\/porte-dentree-principale-de-la-maison-communale-a-nouveau-ouverte-a-tous-et-a-toutes","title":{"rendered":"Porte d&rsquo;entr\u00e9e principale de la maison communale \u00e0 nouveau ouverte \u00e0 tous et \u00e0 toutes"},"content":{"rendered":"<p>La porte d&rsquo;entr\u00e9e principale de la maison communale est \u00e0 nouveau ouverte \u00e0 tous les citoyens et \u00e0 toutes les citoyennes. L&rsquo;objectif est de r\u00e9duire les temps d&rsquo;attente des clients\/clientes devant la porte et d&rsquo;optimiser ainsi le service.<\/p>\n<p>La nouveaut\u00e9 : l&rsquo;acc\u00e8s aux diff\u00e9rents services situ\u00e9s \u00e0 l&rsquo;avant de la maison communale a \u00e9t\u00e9 \u00e9quip\u00e9 d&rsquo;un m\u00e9canisme de s\u00e9curit\u00e9, de sorte que les clients ne peuvent acc\u00e9der aux services qu&rsquo;accompagn\u00e9s par des membres du personnel.<\/p>\n<p>Pour rappel : dans le pass\u00e9, la porte d&rsquo;entr\u00e9e principale avait \u00e9t\u00e9 ferm\u00e9e car le personnel ne se sentait plus en s\u00e9curit\u00e9 apr\u00e8s des incidents avec certains clients. En concertation avec la police, l&rsquo;acc\u00e8s \u00e0 la maison communale avait alors \u00e9t\u00e9 restreint.<\/p>\n<p>Remarque importante : les services restent accessibles uniquement sur rendez-vous. Les rendez-vous peuvent \u00eatre pris via le <strong><a href=\"https:\/\/termin.kelmis.be\">portail<\/a><\/strong>.<\/p>\n","protected":false},"excerpt":{"rendered":"La porte d&rsquo;entr\u00e9e principale de la maison communale est \u00e0 nouveau ouverte \u00e0 tous les citoyens et \u00e0 toutes les citoyennes. L&rsquo;objectif est de r\u00e9duire les temps d&rsquo;attente des clients\/clientes devant la porte et d&rsquo;optimiser ainsi le service. La nouveaut\u00e9 : l&rsquo;acc\u00e8s aux diff\u00e9rents services situ\u00e9s \u00e0 l&rsquo;avant de la maison communale a \u00e9t\u00e9 \u00e9quip\u00e9 [&hellip;]","protected":false},"author":2,"featured_media":17285,"comment_status":"closed","ping_status":"closed","sticky":false,"template":"","format":"standard","meta":{"_acf_changed":false,"footnotes":""},"categories":[71],"tags":[],"class_list":["post-17284","post","type-post","status-publish","format-standard","has-post-thumbnail","hentry","category-depuis-la-maison-communale"],"acf":[],"_links":{"self":[{"href":"https:\/\/www.kelmis.be\/fr\/wp-json\/wp\/v2\/posts\/17284","targetHints":{"allow":["GET"]}}],"collection":[{"href":"https:\/\/www.kelmis.be\/fr\/wp-json\/wp\/v2\/posts"}],"about":[{"href":"https:\/\/www.kelmis.be\/fr\/wp-json\/wp\/v2\/types\/post"}],"author":[{"embeddable":true,"href":"https:\/\/www.kelmis.be\/fr\/wp-json\/wp\/v2\/users\/2"}],"replies":[{"embeddable":true,"href":"https:\/\/www.kelmis.be\/fr\/wp-json\/wp\/v2\/comments?post=17284"}],"version-history":[{"count":1,"href":"https:\/\/www.kelmis.be\/fr\/wp-json\/wp\/v2\/posts\/17284\/revisions"}],"predecessor-version":[{"id":17286,"href":"https:\/\/www.kelmis.be\/fr\/wp-json\/wp\/v2\/posts\/17284\/revisions\/17286"}],"wp:featuredmedia":[{"embeddable":true,"href":"https:\/\/www.kelmis.be\/fr\/wp-json\/wp\/v2\/media\/17285"}],"wp:attachment":[{"href":"https:\/\/www.kelmis.be\/fr\/wp-json\/wp\/v2\/media?parent=17284"}],"wp:term":[{"taxonomy":"category","embeddable":true,"href":"https:\/\/www.kelmis.be\/fr\/wp-json\/wp\/v2\/categories?post=17284"},{"taxonomy":"post_tag","embeddable":true,"href":"https:\/\/www.kelmis.be\/fr\/wp-json\/wp\/v2\/tags?post=17284"}],"curies":[{"name":"wp","href":"https:\/\/api.w.org\/{rel}","templated":true}]}}