{"id":17278,"date":"2025-09-25T14:41:45","date_gmt":"2025-09-25T12:41:45","guid":{"rendered":"https:\/\/www.kelmis.be\/?p=17278"},"modified":"2025-09-25T14:42:16","modified_gmt":"2025-09-25T12:42:16","slug":"transmission-des-releves-des-compteurs-deau-jusquau-10-octobre","status":"publish","type":"post","link":"https:\/\/www.kelmis.be\/fr\/depuis-la-maison-communale\/transmission-des-releves-des-compteurs-deau-jusquau-10-octobre","title":{"rendered":"Transmission des relev\u00e9s des compteurs d&rsquo;eau jusqu&rsquo;au 10 octobre"},"content":{"rendered":"<p>Mardi, notre service Eau potable a envoy\u00e9 les cartes de relev\u00e9 pour la transmission des relev\u00e9s des compteurs d&rsquo;eau. Le service Eau potable rappelle qu&rsquo;il est possible de communiquer le relev\u00e9 du compteur via le portail wasser.kelmis.be.<\/p>\n<p>Vous trouverez les autres possibilit\u00e9s au verso du courrier.<\/p>\n<p>Les relev\u00e9s des compteurs doivent \u00eatre transmis au plus tard le 10 octobre.<\/p>\n","protected":false},"excerpt":{"rendered":"Mardi, notre service Eau potable a envoy\u00e9 les cartes de relev\u00e9 pour la transmission des relev\u00e9s des compteurs d&rsquo;eau. Le service Eau potable rappelle qu&rsquo;il est possible de communiquer le relev\u00e9 du compteur via le portail wasser.kelmis.be. Vous trouverez les autres possibilit\u00e9s au verso du courrier. Les relev\u00e9s des compteurs doivent \u00eatre transmis au plus [&hellip;]","protected":false},"author":2,"featured_media":17279,"comment_status":"closed","ping_status":"closed","sticky":false,"template":"","format":"standard","meta":{"_acf_changed":false,"footnotes":""},"categories":[71],"tags":[],"class_list":["post-17278","post","type-post","status-publish","format-standard","has-post-thumbnail","hentry","category-depuis-la-maison-communale"],"acf":[],"_links":{"self":[{"href":"https:\/\/www.kelmis.be\/fr\/wp-json\/wp\/v2\/posts\/17278","targetHints":{"allow":["GET"]}}],"collection":[{"href":"https:\/\/www.kelmis.be\/fr\/wp-json\/wp\/v2\/posts"}],"about":[{"href":"https:\/\/www.kelmis.be\/fr\/wp-json\/wp\/v2\/types\/post"}],"author":[{"embeddable":true,"href":"https:\/\/www.kelmis.be\/fr\/wp-json\/wp\/v2\/users\/2"}],"replies":[{"embeddable":true,"href":"https:\/\/www.kelmis.be\/fr\/wp-json\/wp\/v2\/comments?post=17278"}],"version-history":[{"count":1,"href":"https:\/\/www.kelmis.be\/fr\/wp-json\/wp\/v2\/posts\/17278\/revisions"}],"predecessor-version":[{"id":17280,"href":"https:\/\/www.kelmis.be\/fr\/wp-json\/wp\/v2\/posts\/17278\/revisions\/17280"}],"wp:featuredmedia":[{"embeddable":true,"href":"https:\/\/www.kelmis.be\/fr\/wp-json\/wp\/v2\/media\/17279"}],"wp:attachment":[{"href":"https:\/\/www.kelmis.be\/fr\/wp-json\/wp\/v2\/media?parent=17278"}],"wp:term":[{"taxonomy":"category","embeddable":true,"href":"https:\/\/www.kelmis.be\/fr\/wp-json\/wp\/v2\/categories?post=17278"},{"taxonomy":"post_tag","embeddable":true,"href":"https:\/\/www.kelmis.be\/fr\/wp-json\/wp\/v2\/tags?post=17278"}],"curies":[{"name":"wp","href":"https:\/\/api.w.org\/{rel}","templated":true}]}}