{"id":17261,"date":"2025-09-23T12:20:51","date_gmt":"2025-09-23T10:20:51","guid":{"rendered":"https:\/\/www.kelmis.be\/?p=17261"},"modified":"2025-09-23T12:20:51","modified_gmt":"2025-09-23T10:20:51","slug":"collecte-de-jouets-au-recypark-le-samedi-18-octobre","status":"publish","type":"post","link":"https:\/\/www.kelmis.be\/fr\/actualite-dans-la-commune\/collecte-de-jouets-au-recypark-le-samedi-18-octobre","title":{"rendered":"Collecte de jouets au Recypark le samedi, 18 octobre"},"content":{"rendered":"<p>Le samedi 18 octobre, les jouets en bon \u00e9tat peuvent \u00eatre d\u00e9pos\u00e9s au Recypark situ\u00e9 dans la rue de Li\u00e8ge.<\/p>\n<p>Il s&rsquo;agit d&rsquo;une action men\u00e9e par l&rsquo;Intercommunale Intradel, en collaboration avec les CPAS et les organisations d&rsquo;aide locales.<\/p>\n<p>Les jouets fonctionnant \u00e0 piles et les peluches ne sont pas accept\u00e9s. Heures d&rsquo;ouverture du Recypark le samedi : de 8h \u00e0 12h30 et de 13h \u00e0 17h.<\/p>\n","protected":false},"excerpt":{"rendered":"Le samedi 18 octobre, les jouets en bon \u00e9tat peuvent \u00eatre d\u00e9pos\u00e9s au Recypark situ\u00e9 dans la rue de Li\u00e8ge. Il s&rsquo;agit d&rsquo;une action men\u00e9e par l&rsquo;Intercommunale Intradel, en collaboration avec les CPAS et les organisations d&rsquo;aide locales. Les jouets fonctionnant \u00e0 piles et les peluches ne sont pas accept\u00e9s. Heures d&rsquo;ouverture du Recypark le [&hellip;]","protected":false},"author":2,"featured_media":17262,"comment_status":"closed","ping_status":"closed","sticky":false,"template":"","format":"standard","meta":{"_acf_changed":false,"footnotes":""},"categories":[70],"tags":[],"class_list":["post-17261","post","type-post","status-publish","format-standard","has-post-thumbnail","hentry","category-actualite-dans-la-commune"],"acf":[],"_links":{"self":[{"href":"https:\/\/www.kelmis.be\/fr\/wp-json\/wp\/v2\/posts\/17261","targetHints":{"allow":["GET"]}}],"collection":[{"href":"https:\/\/www.kelmis.be\/fr\/wp-json\/wp\/v2\/posts"}],"about":[{"href":"https:\/\/www.kelmis.be\/fr\/wp-json\/wp\/v2\/types\/post"}],"author":[{"embeddable":true,"href":"https:\/\/www.kelmis.be\/fr\/wp-json\/wp\/v2\/users\/2"}],"replies":[{"embeddable":true,"href":"https:\/\/www.kelmis.be\/fr\/wp-json\/wp\/v2\/comments?post=17261"}],"version-history":[{"count":1,"href":"https:\/\/www.kelmis.be\/fr\/wp-json\/wp\/v2\/posts\/17261\/revisions"}],"predecessor-version":[{"id":17263,"href":"https:\/\/www.kelmis.be\/fr\/wp-json\/wp\/v2\/posts\/17261\/revisions\/17263"}],"wp:featuredmedia":[{"embeddable":true,"href":"https:\/\/www.kelmis.be\/fr\/wp-json\/wp\/v2\/media\/17262"}],"wp:attachment":[{"href":"https:\/\/www.kelmis.be\/fr\/wp-json\/wp\/v2\/media?parent=17261"}],"wp:term":[{"taxonomy":"category","embeddable":true,"href":"https:\/\/www.kelmis.be\/fr\/wp-json\/wp\/v2\/categories?post=17261"},{"taxonomy":"post_tag","embeddable":true,"href":"https:\/\/www.kelmis.be\/fr\/wp-json\/wp\/v2\/tags?post=17261"}],"curies":[{"name":"wp","href":"https:\/\/api.w.org\/{rel}","templated":true}]}}