{"id":17240,"date":"2025-09-18T17:45:24","date_gmt":"2025-09-18T15:45:24","guid":{"rendered":"https:\/\/www.kelmis.be\/?p=17240"},"modified":"2025-09-18T17:52:15","modified_gmt":"2025-09-18T15:52:15","slug":"fibre-optique-a-hergenrath-des-trottoirs-seront-rejointoyes-ce-samedi","status":"publish","type":"post","link":"https:\/\/www.kelmis.be\/fr\/actualite-dans-la-commune\/fibre-optique-a-hergenrath-des-trottoirs-seront-rejointoyes-ce-samedi","title":{"rendered":"Fibre optique \u00e0 Hergenrath : des trottoirs seront rejointoy\u00e9s ce samedi"},"content":{"rendered":"<p>Samedi prochain, dans le cadre des travaux de fibre optique \u00e0 Hergenrath, les trottoirs seront rejointoy\u00e9s. Les rues suivantes sont concern\u00e9es<\/p>\n<p>Rue de la Gare<\/p>\n<p>Miebend<\/p>\n<p>Knippstra\u00dfe<\/p>\n<p>Panneschop<\/p>\n<p>Rue Corso<\/p>\n<p>V\u00f6lkersberg<\/p>\n<p>Rue Altenberg<\/p>\n<p>M\u00fchle<\/p>\n<p>Rue d\u2019Astenet<\/p>\n","protected":false},"excerpt":{"rendered":"Samedi prochain, dans le cadre des travaux de fibre optique \u00e0 Hergenrath, les trottoirs seront rejointoy\u00e9s. Les rues suivantes sont concern\u00e9es Rue de la Gare Miebend Knippstra\u00dfe Panneschop Rue Corso V\u00f6lkersberg Rue Altenberg M\u00fchle Rue d\u2019Astenet","protected":false},"author":2,"featured_media":17241,"comment_status":"closed","ping_status":"closed","sticky":false,"template":"","format":"standard","meta":{"_acf_changed":false,"footnotes":""},"categories":[70],"tags":[],"class_list":["post-17240","post","type-post","status-publish","format-standard","has-post-thumbnail","hentry","category-actualite-dans-la-commune"],"acf":[],"_links":{"self":[{"href":"https:\/\/www.kelmis.be\/fr\/wp-json\/wp\/v2\/posts\/17240","targetHints":{"allow":["GET"]}}],"collection":[{"href":"https:\/\/www.kelmis.be\/fr\/wp-json\/wp\/v2\/posts"}],"about":[{"href":"https:\/\/www.kelmis.be\/fr\/wp-json\/wp\/v2\/types\/post"}],"author":[{"embeddable":true,"href":"https:\/\/www.kelmis.be\/fr\/wp-json\/wp\/v2\/users\/2"}],"replies":[{"embeddable":true,"href":"https:\/\/www.kelmis.be\/fr\/wp-json\/wp\/v2\/comments?post=17240"}],"version-history":[{"count":1,"href":"https:\/\/www.kelmis.be\/fr\/wp-json\/wp\/v2\/posts\/17240\/revisions"}],"predecessor-version":[{"id":17242,"href":"https:\/\/www.kelmis.be\/fr\/wp-json\/wp\/v2\/posts\/17240\/revisions\/17242"}],"wp:featuredmedia":[{"embeddable":true,"href":"https:\/\/www.kelmis.be\/fr\/wp-json\/wp\/v2\/media\/17241"}],"wp:attachment":[{"href":"https:\/\/www.kelmis.be\/fr\/wp-json\/wp\/v2\/media?parent=17240"}],"wp:term":[{"taxonomy":"category","embeddable":true,"href":"https:\/\/www.kelmis.be\/fr\/wp-json\/wp\/v2\/categories?post=17240"},{"taxonomy":"post_tag","embeddable":true,"href":"https:\/\/www.kelmis.be\/fr\/wp-json\/wp\/v2\/tags?post=17240"}],"curies":[{"name":"wp","href":"https:\/\/api.w.org\/{rel}","templated":true}]}}