{"id":17204,"date":"2025-09-16T12:46:44","date_gmt":"2025-09-16T10:46:44","guid":{"rendered":"https:\/\/www.kelmis.be\/?p=17204"},"modified":"2025-09-16T13:08:15","modified_gmt":"2025-09-16T11:08:15","slug":"livraison-de-garde-corps-de-balcon-rue-de-leglise-fermee-ce-jeudi-matin","status":"publish","type":"post","link":"https:\/\/www.kelmis.be\/fr\/circulation\/livraison-de-garde-corps-de-balcon-rue-de-leglise-fermee-ce-jeudi-matin","title":{"rendered":"Livraison de garde-corps de balcon : rue de l\u2019\u00c9glise ferm\u00e9e ce jeudi matin"},"content":{"rendered":"<p>Jeudi matin, la partie sup\u00e9rieure de la rue de l\u2019\u00c9glise sera ferm\u00e9e \u00e0 la circulation pendant environ une heure et demie (de 8h30 \u00e0 10h).<\/p>\n<p>Motif de la fermeture : un garde-corps de balcon sera livr\u00e9 pour le b\u00e2timent situ\u00e9 au 26 rue de l\u2019\u00c9glise, au-dessus de notre service urbanisme, ce qui rendra le passage impossible aux v\u00e9hicules pendant cette p\u00e9riode. Nous vous remercions de votre compr\u00e9hension.<\/p>\n","protected":false},"excerpt":{"rendered":"Jeudi matin, la partie sup\u00e9rieure de la rue de l\u2019\u00c9glise sera ferm\u00e9e \u00e0 la circulation pendant environ une heure et demie (de 8h30 \u00e0 10h). Motif de la fermeture : un garde-corps de balcon sera livr\u00e9 pour le b\u00e2timent situ\u00e9 au 26 rue de l\u2019\u00c9glise, au-dessus de notre service urbanisme, ce qui rendra le passage [&hellip;]","protected":false},"author":2,"featured_media":17205,"comment_status":"closed","ping_status":"closed","sticky":false,"template":"","format":"standard","meta":{"_acf_changed":false,"footnotes":""},"categories":[74],"tags":[],"class_list":["post-17204","post","type-post","status-publish","format-standard","has-post-thumbnail","hentry","category-circulation"],"acf":[],"_links":{"self":[{"href":"https:\/\/www.kelmis.be\/fr\/wp-json\/wp\/v2\/posts\/17204","targetHints":{"allow":["GET"]}}],"collection":[{"href":"https:\/\/www.kelmis.be\/fr\/wp-json\/wp\/v2\/posts"}],"about":[{"href":"https:\/\/www.kelmis.be\/fr\/wp-json\/wp\/v2\/types\/post"}],"author":[{"embeddable":true,"href":"https:\/\/www.kelmis.be\/fr\/wp-json\/wp\/v2\/users\/2"}],"replies":[{"embeddable":true,"href":"https:\/\/www.kelmis.be\/fr\/wp-json\/wp\/v2\/comments?post=17204"}],"version-history":[{"count":1,"href":"https:\/\/www.kelmis.be\/fr\/wp-json\/wp\/v2\/posts\/17204\/revisions"}],"predecessor-version":[{"id":17206,"href":"https:\/\/www.kelmis.be\/fr\/wp-json\/wp\/v2\/posts\/17204\/revisions\/17206"}],"wp:featuredmedia":[{"embeddable":true,"href":"https:\/\/www.kelmis.be\/fr\/wp-json\/wp\/v2\/media\/17205"}],"wp:attachment":[{"href":"https:\/\/www.kelmis.be\/fr\/wp-json\/wp\/v2\/media?parent=17204"}],"wp:term":[{"taxonomy":"category","embeddable":true,"href":"https:\/\/www.kelmis.be\/fr\/wp-json\/wp\/v2\/categories?post=17204"},{"taxonomy":"post_tag","embeddable":true,"href":"https:\/\/www.kelmis.be\/fr\/wp-json\/wp\/v2\/tags?post=17204"}],"curies":[{"name":"wp","href":"https:\/\/api.w.org\/{rel}","templated":true}]}}