{"id":17198,"date":"2025-09-14T15:06:27","date_gmt":"2025-09-14T13:06:27","guid":{"rendered":"https:\/\/www.kelmis.be\/?p=17198"},"modified":"2025-09-23T15:13:53","modified_gmt":"2025-09-23T13:13:53","slug":"belle-reedition-de-la-course-de-lits-a-la-calamine","status":"publish","type":"post","link":"https:\/\/www.kelmis.be\/fr\/actualite-dans-la-commune\/belle-reedition-de-la-course-de-lits-a-la-calamine","title":{"rendered":"Belle r\u00e9\u00e9dition de la course de lits \u00e0 La Calamine"},"content":{"rendered":"<p>Belle r\u00e9\u00e9dition de la course de lits ce dimanche de kermesse. La victoire revient \u00e0 l&rsquo;\u00e9quipe Dingmam. Retrouvez la vid\u00e9o de l&rsquo;\u00e9v\u00e9nement sur <strong><a href=\"https:\/\/youtube.com\/shorts\/Jg5mpCWuSB4?feature=share\">notre cha\u00eene YouTube.<\/a><\/strong><\/p>\n","protected":false},"excerpt":{"rendered":"Belle r\u00e9\u00e9dition de la course de lits ce dimanche de kermesse. La victoire revient \u00e0 l&rsquo;\u00e9quipe Dingmam. Retrouvez la vid\u00e9o de l&rsquo;\u00e9v\u00e9nement sur notre cha\u00eene YouTube.","protected":false},"author":2,"featured_media":17199,"comment_status":"closed","ping_status":"closed","sticky":false,"template":"","format":"standard","meta":{"_acf_changed":false,"footnotes":""},"categories":[70],"tags":[],"class_list":["post-17198","post","type-post","status-publish","format-standard","has-post-thumbnail","hentry","category-actualite-dans-la-commune"],"acf":[],"_links":{"self":[{"href":"https:\/\/www.kelmis.be\/fr\/wp-json\/wp\/v2\/posts\/17198","targetHints":{"allow":["GET"]}}],"collection":[{"href":"https:\/\/www.kelmis.be\/fr\/wp-json\/wp\/v2\/posts"}],"about":[{"href":"https:\/\/www.kelmis.be\/fr\/wp-json\/wp\/v2\/types\/post"}],"author":[{"embeddable":true,"href":"https:\/\/www.kelmis.be\/fr\/wp-json\/wp\/v2\/users\/2"}],"replies":[{"embeddable":true,"href":"https:\/\/www.kelmis.be\/fr\/wp-json\/wp\/v2\/comments?post=17198"}],"version-history":[{"count":1,"href":"https:\/\/www.kelmis.be\/fr\/wp-json\/wp\/v2\/posts\/17198\/revisions"}],"predecessor-version":[{"id":17200,"href":"https:\/\/www.kelmis.be\/fr\/wp-json\/wp\/v2\/posts\/17198\/revisions\/17200"}],"wp:featuredmedia":[{"embeddable":true,"href":"https:\/\/www.kelmis.be\/fr\/wp-json\/wp\/v2\/media\/17199"}],"wp:attachment":[{"href":"https:\/\/www.kelmis.be\/fr\/wp-json\/wp\/v2\/media?parent=17198"}],"wp:term":[{"taxonomy":"category","embeddable":true,"href":"https:\/\/www.kelmis.be\/fr\/wp-json\/wp\/v2\/categories?post=17198"},{"taxonomy":"post_tag","embeddable":true,"href":"https:\/\/www.kelmis.be\/fr\/wp-json\/wp\/v2\/tags?post=17198"}],"curies":[{"name":"wp","href":"https:\/\/api.w.org\/{rel}","templated":true}]}}