{"id":17191,"date":"2025-09-14T14:34:52","date_gmt":"2025-09-14T12:34:52","guid":{"rendered":"https:\/\/www.kelmis.be\/?p=17191"},"modified":"2025-09-14T14:38:17","modified_gmt":"2025-09-14T12:38:17","slug":"nos-services-sont-fermes-le-lundi-de-la-kermesse-15-septembre","status":"publish","type":"post","link":"https:\/\/www.kelmis.be\/fr\/depuis-la-maison-communale\/nos-services-sont-fermes-le-lundi-de-la-kermesse-15-septembre","title":{"rendered":"Nos services sont ferm\u00e9s le lundi de la kermesse (15 septembre)"},"content":{"rendered":"<p>En raison de la kermesse \u00e0 La Calamine, nos services sont ferm\u00e9s ce lundi, 15 septembre. Nos coll\u00e8gues seront de nouveau \u00e0 votre disposition d\u00e8s le mardi, 16 septembre.<\/p>\n","protected":false},"excerpt":{"rendered":"En raison de la kermesse \u00e0 La Calamine, nos services sont ferm\u00e9s ce lundi, 15 septembre. Nos coll\u00e8gues seront de nouveau \u00e0 votre disposition d\u00e8s le mardi, 16 septembre.","protected":false},"author":2,"featured_media":17091,"comment_status":"closed","ping_status":"closed","sticky":false,"template":"","format":"standard","meta":{"_acf_changed":false,"footnotes":""},"categories":[71],"tags":[],"class_list":["post-17191","post","type-post","status-publish","format-standard","has-post-thumbnail","hentry","category-depuis-la-maison-communale"],"acf":[],"_links":{"self":[{"href":"https:\/\/www.kelmis.be\/fr\/wp-json\/wp\/v2\/posts\/17191","targetHints":{"allow":["GET"]}}],"collection":[{"href":"https:\/\/www.kelmis.be\/fr\/wp-json\/wp\/v2\/posts"}],"about":[{"href":"https:\/\/www.kelmis.be\/fr\/wp-json\/wp\/v2\/types\/post"}],"author":[{"embeddable":true,"href":"https:\/\/www.kelmis.be\/fr\/wp-json\/wp\/v2\/users\/2"}],"replies":[{"embeddable":true,"href":"https:\/\/www.kelmis.be\/fr\/wp-json\/wp\/v2\/comments?post=17191"}],"version-history":[{"count":1,"href":"https:\/\/www.kelmis.be\/fr\/wp-json\/wp\/v2\/posts\/17191\/revisions"}],"predecessor-version":[{"id":17192,"href":"https:\/\/www.kelmis.be\/fr\/wp-json\/wp\/v2\/posts\/17191\/revisions\/17192"}],"wp:featuredmedia":[{"embeddable":true,"href":"https:\/\/www.kelmis.be\/fr\/wp-json\/wp\/v2\/media\/17091"}],"wp:attachment":[{"href":"https:\/\/www.kelmis.be\/fr\/wp-json\/wp\/v2\/media?parent=17191"}],"wp:term":[{"taxonomy":"category","embeddable":true,"href":"https:\/\/www.kelmis.be\/fr\/wp-json\/wp\/v2\/categories?post=17191"},{"taxonomy":"post_tag","embeddable":true,"href":"https:\/\/www.kelmis.be\/fr\/wp-json\/wp\/v2\/tags?post=17191"}],"curies":[{"name":"wp","href":"https:\/\/api.w.org\/{rel}","templated":true}]}}