{"id":17184,"date":"2025-09-12T20:44:44","date_gmt":"2025-09-12T18:44:44","guid":{"rendered":"https:\/\/www.kelmis.be\/?p=17184"},"modified":"2025-09-12T21:12:48","modified_gmt":"2025-09-12T19:12:48","slug":"ouverture-de-la-kermesse-de-la-calamine","status":"publish","type":"post","link":"https:\/\/www.kelmis.be\/fr\/actualite-dans-la-commune\/ouverture-de-la-kermesse-de-la-calamine","title":{"rendered":"Ouverture de la kermesse de La Calamine"},"content":{"rendered":"<p>Ouverture de la kermesse de La Calamine ce vendredi soir. Jusqu&rsquo;\u00e0 mardi soir le site de la Coul sera ouvert au public \u00e0 partir de 16h30. Venez faire un tour!<\/p>\n<p>La vid\u00e9o de l&rsquo;ouverture de la kermesse se trouve sur <strong><a href=\"https:\/\/www.youtube.com\/shorts\/4RrthdLn5OA\">notre cha\u00eene YouTube<\/a><\/strong>.<\/p>\n","protected":false},"excerpt":{"rendered":"Ouverture de la kermesse de La Calamine ce vendredi soir. Jusqu&rsquo;\u00e0 mardi soir le site de la Coul sera ouvert au public \u00e0 partir de 16h30. Venez faire un tour! La vid\u00e9o de l&rsquo;ouverture de la kermesse se trouve sur notre cha\u00eene YouTube.","protected":false},"author":2,"featured_media":17185,"comment_status":"closed","ping_status":"closed","sticky":false,"template":"","format":"standard","meta":{"_acf_changed":false,"footnotes":""},"categories":[70],"tags":[],"class_list":["post-17184","post","type-post","status-publish","format-standard","has-post-thumbnail","hentry","category-actualite-dans-la-commune"],"acf":[],"_links":{"self":[{"href":"https:\/\/www.kelmis.be\/fr\/wp-json\/wp\/v2\/posts\/17184","targetHints":{"allow":["GET"]}}],"collection":[{"href":"https:\/\/www.kelmis.be\/fr\/wp-json\/wp\/v2\/posts"}],"about":[{"href":"https:\/\/www.kelmis.be\/fr\/wp-json\/wp\/v2\/types\/post"}],"author":[{"embeddable":true,"href":"https:\/\/www.kelmis.be\/fr\/wp-json\/wp\/v2\/users\/2"}],"replies":[{"embeddable":true,"href":"https:\/\/www.kelmis.be\/fr\/wp-json\/wp\/v2\/comments?post=17184"}],"version-history":[{"count":2,"href":"https:\/\/www.kelmis.be\/fr\/wp-json\/wp\/v2\/posts\/17184\/revisions"}],"predecessor-version":[{"id":17188,"href":"https:\/\/www.kelmis.be\/fr\/wp-json\/wp\/v2\/posts\/17184\/revisions\/17188"}],"wp:featuredmedia":[{"embeddable":true,"href":"https:\/\/www.kelmis.be\/fr\/wp-json\/wp\/v2\/media\/17185"}],"wp:attachment":[{"href":"https:\/\/www.kelmis.be\/fr\/wp-json\/wp\/v2\/media?parent=17184"}],"wp:term":[{"taxonomy":"category","embeddable":true,"href":"https:\/\/www.kelmis.be\/fr\/wp-json\/wp\/v2\/categories?post=17184"},{"taxonomy":"post_tag","embeddable":true,"href":"https:\/\/www.kelmis.be\/fr\/wp-json\/wp\/v2\/tags?post=17184"}],"curies":[{"name":"wp","href":"https:\/\/api.w.org\/{rel}","templated":true}]}}