{"id":17177,"date":"2025-09-11T16:51:03","date_gmt":"2025-09-11T14:51:03","guid":{"rendered":"https:\/\/www.kelmis.be\/?p=17177"},"modified":"2025-09-11T17:09:04","modified_gmt":"2025-09-11T15:09:04","slug":"le-nouveau-kelmis-magazine-est-disponible-notre-kermesse-a-la-une","status":"publish","type":"post","link":"https:\/\/www.kelmis.be\/fr\/depuis-la-maison-communale\/le-nouveau-kelmis-magazine-est-disponible-notre-kermesse-a-la-une","title":{"rendered":"Le nouveau Kelmis magazine est disponible &#8211; Notre kermesse \u00e0 la Une"},"content":{"rendered":"<p>Le nouveau Kelmis magazine est disponible. Juste \u00e0 temps pour le d\u00e9but de notre kermesse. L&rsquo;article \u00e0 la une est consacr\u00e9 \u00e0 notre collaborateur Oliver Luchte, qui coordonne la kermesse depuis 2008 en tant que responsable.<\/p>\n<p>Le magazine sera disponible \u00e0 partir de vendredi dans notre maison communale et \u00e0 partir de mardi au CPAS, \u00e0 la\u00a0 biblioth\u00e8que paroissiale et au mus\u00e9e Vieille Montagne. Il peut \u00e9galement \u00eatre command\u00e9 (avec retrait sur place) \u00e0 la maison communale. Veuillez envoyer un mail \u00e0 verwaltung@kelmis.be.<\/p>\n<p>Le magazine peut \u00e9galement consult\u00e9 en <a href=\"https:\/\/magazin.kelmis.be\/le-kelmis-magazine\">ligne<\/a>.<\/p>\n<p>Bonne lecture !<\/p>\n","protected":false},"excerpt":{"rendered":"Le nouveau Kelmis magazine est disponible. Juste \u00e0 temps pour le d\u00e9but de notre kermesse. L&rsquo;article \u00e0 la une est consacr\u00e9 \u00e0 notre collaborateur Oliver Luchte, qui coordonne la kermesse depuis 2008 en tant que responsable. Le magazine sera disponible \u00e0 partir de vendredi dans notre maison communale et \u00e0 partir de mardi au CPAS, [&hellip;]","protected":false},"author":2,"featured_media":17178,"comment_status":"closed","ping_status":"closed","sticky":false,"template":"","format":"standard","meta":{"_acf_changed":false,"footnotes":""},"categories":[71],"tags":[],"class_list":["post-17177","post","type-post","status-publish","format-standard","has-post-thumbnail","hentry","category-depuis-la-maison-communale"],"acf":[],"_links":{"self":[{"href":"https:\/\/www.kelmis.be\/fr\/wp-json\/wp\/v2\/posts\/17177","targetHints":{"allow":["GET"]}}],"collection":[{"href":"https:\/\/www.kelmis.be\/fr\/wp-json\/wp\/v2\/posts"}],"about":[{"href":"https:\/\/www.kelmis.be\/fr\/wp-json\/wp\/v2\/types\/post"}],"author":[{"embeddable":true,"href":"https:\/\/www.kelmis.be\/fr\/wp-json\/wp\/v2\/users\/2"}],"replies":[{"embeddable":true,"href":"https:\/\/www.kelmis.be\/fr\/wp-json\/wp\/v2\/comments?post=17177"}],"version-history":[{"count":2,"href":"https:\/\/www.kelmis.be\/fr\/wp-json\/wp\/v2\/posts\/17177\/revisions"}],"predecessor-version":[{"id":17180,"href":"https:\/\/www.kelmis.be\/fr\/wp-json\/wp\/v2\/posts\/17177\/revisions\/17180"}],"wp:featuredmedia":[{"embeddable":true,"href":"https:\/\/www.kelmis.be\/fr\/wp-json\/wp\/v2\/media\/17178"}],"wp:attachment":[{"href":"https:\/\/www.kelmis.be\/fr\/wp-json\/wp\/v2\/media?parent=17177"}],"wp:term":[{"taxonomy":"category","embeddable":true,"href":"https:\/\/www.kelmis.be\/fr\/wp-json\/wp\/v2\/categories?post=17177"},{"taxonomy":"post_tag","embeddable":true,"href":"https:\/\/www.kelmis.be\/fr\/wp-json\/wp\/v2\/tags?post=17177"}],"curies":[{"name":"wp","href":"https:\/\/api.w.org\/{rel}","templated":true}]}}