{"id":17158,"date":"2025-09-11T13:35:33","date_gmt":"2025-09-11T11:35:33","guid":{"rendered":"https:\/\/www.kelmis.be\/?p=17158"},"modified":"2025-09-11T13:44:44","modified_gmt":"2025-09-11T11:44:44","slug":"plan-energie-climat-deux-nouveaux-projets-pilotes-dans-notre-commune","status":"publish","type":"post","link":"https:\/\/www.kelmis.be\/fr\/depuis-la-maison-communale\/plan-energie-climat-deux-nouveaux-projets-pilotes-dans-notre-commune","title":{"rendered":"Plan \u00e9nergie-climat : Deux nouveaux projets pilotes dans notre commune"},"content":{"rendered":"<p>Deux nouveaux projets pilotes dans le cadre du plan \u00e9nergie-climat vont \u00eatre lanc\u00e9s dans notre commune. Ils doivent contribuer \u00e0 atteindre les objectifs du plan \u00e9nergie-climat. Sur les co\u00fbts du projet, qui s&rsquo;\u00e9l\u00e8vent \u00e0 environ 66 000 euros, 56 000 euros sont cofinanc\u00e9s par la Communaut\u00e9 germanophone.<\/p>\n<p>\u00ab Le d\u00e9veloppement des \u00e9nergies renouvelables est une priorit\u00e9 du plan \u00e9nergie-climat et de notre commune. Les potentiels importants, par exemple dans le domaine de l&rsquo;\u00e9nergie \u00e9olienne, sont tr\u00e8s limit\u00e9s dans notre r\u00e9gion en raison du t\u00e9lescope Einstein. N\u00e9anmoins, nous voulons assumer nos responsabilit\u00e9s et investir, par exemple, dans le d\u00e9veloppement du photovolta\u00efque. Une analyse du potentiel des toitures est une premi\u00e8re \u00e9tape dans cette direction. Parall\u00e8lement, l&rsquo;utilisation de syst\u00e8mes de stockage d&rsquo;\u00e9nergie doit permettre de maximiser durablement la consommation propre de l&rsquo;\u00e9lectricit\u00e9 produite \u00bb, explique Raymond Lenaerts, \u00e9chevin de l&rsquo;\u00e9nergie.<\/p>\n<p>Une analyse du potentiel des toitures de diff\u00e9rents b\u00e2timents publics vise \u00e0 identifier les possibilit\u00e9s d&rsquo;utilisation des \u00e9nergies renouvelables, en particulier gr\u00e2ce \u00e0 des installations photovolta\u00efques et solaires thermiques. Les toitures des plus grands b\u00e2timents publics (mairie, chantier municipal, \u00e9cole communale de La Calamine et Hergenrath) sont examin\u00e9es afin de d\u00e9terminer si elles se pr\u00eatent \u00e0 l&rsquo;installation de panneaux photovolta\u00efques au-del\u00e0 de la puissance maximale actuelle de 10 kVA. L&rsquo;analyse tient compte de diff\u00e9rents facteurs tels que la disponibilit\u00e9 de l&rsquo;espace, l&rsquo;orientation, la stabilit\u00e9, l&rsquo;infrastructure, la consommation propre ainsi que les co\u00fbts et la rentabilit\u00e9.<\/p>\n<p>Les syst\u00e8mes de stockage d&rsquo;\u00e9nergie pr\u00e9vus pour les b\u00e2timents publics \u00e9quip\u00e9s d&rsquo;installations photovolta\u00efques ont pour objectif d&rsquo;\u00e9quiper cinq b\u00e2timents publics (maison communale, d\u00e9p\u00f4t communal, \u00e9glise de La Calamine, stade Prince Philippe, \u00e9cole communale d&rsquo;Hergenrath) de notre commune disposant d\u00e9j\u00e0 d&rsquo;installations photovolta\u00efques avec des syst\u00e8mes de stockage d&rsquo;\u00e9nergie afin de maximiser la consommation propre de l&rsquo;\u00e9lectricit\u00e9 produite. La taille du syst\u00e8me de stockage sera adapt\u00e9e individuellement \u00e0 chaque b\u00e2timent en fonction de facteurs tels que la consommation d&rsquo;\u00e9lectricit\u00e9 et la production photovolta\u00efque. Le projet est men\u00e9 parall\u00e8lement \u00e0 l&rsquo;analyse du potentiel des toitures et permet d&rsquo;\u00e9ventuelles extensions futures des installations photovolta\u00efques.<\/p>\n<p>En 2018, la Communaut\u00e9 germanophone et les communes germanophones se sont mises d&rsquo;accord sur un plan \u00e9nerg\u00e9tique et climatique commun visant \u00e0 r\u00e9duire les \u00e9missions de CO2 dans l&rsquo;Est de la Belgique de 55 % d&rsquo;ici 2040 et de 100 % d&rsquo;ici 2050.<\/p>\n","protected":false},"excerpt":{"rendered":"Deux nouveaux projets pilotes dans le cadre du plan \u00e9nergie-climat vont \u00eatre lanc\u00e9s dans notre commune. Ils doivent contribuer \u00e0 atteindre les objectifs du plan \u00e9nergie-climat. Sur les co\u00fbts du projet, qui s&rsquo;\u00e9l\u00e8vent \u00e0 environ 66 000 euros, 56 000 euros sont cofinanc\u00e9s par la Communaut\u00e9 germanophone. \u00ab Le d\u00e9veloppement des \u00e9nergies renouvelables est une [&hellip;]","protected":false},"author":2,"featured_media":17159,"comment_status":"closed","ping_status":"closed","sticky":false,"template":"","format":"standard","meta":{"_acf_changed":false,"footnotes":""},"categories":[71],"tags":[],"class_list":["post-17158","post","type-post","status-publish","format-standard","has-post-thumbnail","hentry","category-depuis-la-maison-communale"],"acf":[],"_links":{"self":[{"href":"https:\/\/www.kelmis.be\/fr\/wp-json\/wp\/v2\/posts\/17158","targetHints":{"allow":["GET"]}}],"collection":[{"href":"https:\/\/www.kelmis.be\/fr\/wp-json\/wp\/v2\/posts"}],"about":[{"href":"https:\/\/www.kelmis.be\/fr\/wp-json\/wp\/v2\/types\/post"}],"author":[{"embeddable":true,"href":"https:\/\/www.kelmis.be\/fr\/wp-json\/wp\/v2\/users\/2"}],"replies":[{"embeddable":true,"href":"https:\/\/www.kelmis.be\/fr\/wp-json\/wp\/v2\/comments?post=17158"}],"version-history":[{"count":2,"href":"https:\/\/www.kelmis.be\/fr\/wp-json\/wp\/v2\/posts\/17158\/revisions"}],"predecessor-version":[{"id":17161,"href":"https:\/\/www.kelmis.be\/fr\/wp-json\/wp\/v2\/posts\/17158\/revisions\/17161"}],"wp:featuredmedia":[{"embeddable":true,"href":"https:\/\/www.kelmis.be\/fr\/wp-json\/wp\/v2\/media\/17159"}],"wp:attachment":[{"href":"https:\/\/www.kelmis.be\/fr\/wp-json\/wp\/v2\/media?parent=17158"}],"wp:term":[{"taxonomy":"category","embeddable":true,"href":"https:\/\/www.kelmis.be\/fr\/wp-json\/wp\/v2\/categories?post=17158"},{"taxonomy":"post_tag","embeddable":true,"href":"https:\/\/www.kelmis.be\/fr\/wp-json\/wp\/v2\/tags?post=17158"}],"curies":[{"name":"wp","href":"https:\/\/api.w.org\/{rel}","templated":true}]}}