{"id":17143,"date":"2025-09-10T16:18:28","date_gmt":"2025-09-10T14:18:28","guid":{"rendered":"https:\/\/www.kelmis.be\/?p=17143"},"modified":"2025-09-10T16:18:28","modified_gmt":"2025-09-10T14:18:28","slug":"avis-de-fermeture-de-la-rue-de-leglise","status":"publish","type":"post","link":"https:\/\/www.kelmis.be\/fr\/circulation\/avis-de-fermeture-de-la-rue-de-leglise","title":{"rendered":"Avis de fermeture de la rue de l&rsquo;\u00c9glise"},"content":{"rendered":"<p>Chers riverains,<br \/>\nen raison de travaux, la partie sup\u00e9rieure de la rue de l&rsquo;\u00c9glise sera ferm\u00e9e jusqu&rsquo;\u00e0 13 heures les jours suivants :<\/p>\n<p>&#8211; Jeudi 11 septembre 2025<br \/>\n&#8211; Jeudi 18 septembre 2025<\/p>\n<p>Nous vous remercions de votre compr\u00e9hension et vous recommandons de tenir compte de cette fermeture dans votre planning.<\/p>\n<p>Merci beaucoup pour votre coop\u00e9ration !<\/p>\n","protected":false},"excerpt":{"rendered":"Chers riverains, en raison de travaux, la partie sup\u00e9rieure de la rue de l&rsquo;\u00c9glise sera ferm\u00e9e jusqu&rsquo;\u00e0 13 heures les jours suivants : &#8211; Jeudi 11 septembre 2025 &#8211; Jeudi 18 septembre 2025 Nous vous remercions de votre compr\u00e9hension et vous recommandons de tenir compte de cette fermeture dans votre planning. Merci beaucoup pour votre [&hellip;]","protected":false},"author":6,"featured_media":9094,"comment_status":"closed","ping_status":"closed","sticky":false,"template":"","format":"standard","meta":{"_acf_changed":false,"footnotes":""},"categories":[74],"tags":[],"class_list":["post-17143","post","type-post","status-publish","format-standard","has-post-thumbnail","hentry","category-circulation"],"acf":[],"_links":{"self":[{"href":"https:\/\/www.kelmis.be\/fr\/wp-json\/wp\/v2\/posts\/17143","targetHints":{"allow":["GET"]}}],"collection":[{"href":"https:\/\/www.kelmis.be\/fr\/wp-json\/wp\/v2\/posts"}],"about":[{"href":"https:\/\/www.kelmis.be\/fr\/wp-json\/wp\/v2\/types\/post"}],"author":[{"embeddable":true,"href":"https:\/\/www.kelmis.be\/fr\/wp-json\/wp\/v2\/users\/6"}],"replies":[{"embeddable":true,"href":"https:\/\/www.kelmis.be\/fr\/wp-json\/wp\/v2\/comments?post=17143"}],"version-history":[{"count":1,"href":"https:\/\/www.kelmis.be\/fr\/wp-json\/wp\/v2\/posts\/17143\/revisions"}],"predecessor-version":[{"id":17144,"href":"https:\/\/www.kelmis.be\/fr\/wp-json\/wp\/v2\/posts\/17143\/revisions\/17144"}],"wp:featuredmedia":[{"embeddable":true,"href":"https:\/\/www.kelmis.be\/fr\/wp-json\/wp\/v2\/media\/9094"}],"wp:attachment":[{"href":"https:\/\/www.kelmis.be\/fr\/wp-json\/wp\/v2\/media?parent=17143"}],"wp:term":[{"taxonomy":"category","embeddable":true,"href":"https:\/\/www.kelmis.be\/fr\/wp-json\/wp\/v2\/categories?post=17143"},{"taxonomy":"post_tag","embeddable":true,"href":"https:\/\/www.kelmis.be\/fr\/wp-json\/wp\/v2\/tags?post=17143"}],"curies":[{"name":"wp","href":"https:\/\/api.w.org\/{rel}","templated":true}]}}