{"id":17137,"date":"2025-09-09T14:39:12","date_gmt":"2025-09-09T12:39:12","guid":{"rendered":"https:\/\/www.kelmis.be\/?p=17137"},"modified":"2025-09-09T14:39:44","modified_gmt":"2025-09-09T12:39:44","slug":"manoeuvres-militaires-dans-la-province-la-calamine-concernee","status":"publish","type":"post","link":"https:\/\/www.kelmis.be\/fr\/actualite-dans-la-commune\/manoeuvres-militaires-dans-la-province-la-calamine-concernee","title":{"rendered":"Man\u0153uvres militaires dans la province &#8211; La Calamine concern\u00e9e"},"content":{"rendered":"<p>Du 29 septembre au 3 octobre, des man\u0153uvres militaires auront lieu dans la province. Les communes de La Calamine, Plombi\u00e8res, Welkenraedt et Lontzen sont concern\u00e9es.\u00a0 Dix soldats et trois v\u00e9hicules militaires participent \u00e0 ces man\u0153uvres.<\/p>\n<p>&nbsp;<\/p>\n<p>Photo : Unsplash<\/p>\n","protected":false},"excerpt":{"rendered":"Du 29 septembre au 3 octobre, des man\u0153uvres militaires auront lieu dans la province. Les communes de La Calamine, Plombi\u00e8res, Welkenraedt et Lontzen sont concern\u00e9es.\u00a0 Dix soldats et trois v\u00e9hicules militaires participent \u00e0 ces man\u0153uvres. &nbsp; Photo : Unsplash","protected":false},"author":2,"featured_media":17138,"comment_status":"closed","ping_status":"closed","sticky":false,"template":"","format":"standard","meta":{"_acf_changed":false,"footnotes":""},"categories":[70],"tags":[],"class_list":["post-17137","post","type-post","status-publish","format-standard","has-post-thumbnail","hentry","category-actualite-dans-la-commune"],"acf":[],"_links":{"self":[{"href":"https:\/\/www.kelmis.be\/fr\/wp-json\/wp\/v2\/posts\/17137","targetHints":{"allow":["GET"]}}],"collection":[{"href":"https:\/\/www.kelmis.be\/fr\/wp-json\/wp\/v2\/posts"}],"about":[{"href":"https:\/\/www.kelmis.be\/fr\/wp-json\/wp\/v2\/types\/post"}],"author":[{"embeddable":true,"href":"https:\/\/www.kelmis.be\/fr\/wp-json\/wp\/v2\/users\/2"}],"replies":[{"embeddable":true,"href":"https:\/\/www.kelmis.be\/fr\/wp-json\/wp\/v2\/comments?post=17137"}],"version-history":[{"count":1,"href":"https:\/\/www.kelmis.be\/fr\/wp-json\/wp\/v2\/posts\/17137\/revisions"}],"predecessor-version":[{"id":17139,"href":"https:\/\/www.kelmis.be\/fr\/wp-json\/wp\/v2\/posts\/17137\/revisions\/17139"}],"wp:featuredmedia":[{"embeddable":true,"href":"https:\/\/www.kelmis.be\/fr\/wp-json\/wp\/v2\/media\/17138"}],"wp:attachment":[{"href":"https:\/\/www.kelmis.be\/fr\/wp-json\/wp\/v2\/media?parent=17137"}],"wp:term":[{"taxonomy":"category","embeddable":true,"href":"https:\/\/www.kelmis.be\/fr\/wp-json\/wp\/v2\/categories?post=17137"},{"taxonomy":"post_tag","embeddable":true,"href":"https:\/\/www.kelmis.be\/fr\/wp-json\/wp\/v2\/tags?post=17137"}],"curies":[{"name":"wp","href":"https:\/\/api.w.org\/{rel}","templated":true}]}}