{"id":17128,"date":"2025-09-09T14:07:11","date_gmt":"2025-09-09T12:07:11","guid":{"rendered":"https:\/\/www.kelmis.be\/?p=17128"},"modified":"2025-09-09T14:07:11","modified_gmt":"2025-09-09T12:07:11","slug":"tres-bons-resultats-pour-notre-eau-potable","status":"publish","type":"post","link":"https:\/\/www.kelmis.be\/fr\/depuis-la-maison-communale\/tres-bons-resultats-pour-notre-eau-potable","title":{"rendered":"Tr\u00e8s bons r\u00e9sultats pour notre eau potable"},"content":{"rendered":"<p>Lors du dernier contr\u00f4le qualit\u00e9 r\u00e9alis\u00e9 par la R\u00e9gion wallonne concernant les prescriptions l\u00e9gales en mati\u00e8re d&rsquo;eau potable, l&rsquo;eau potable de La Calamine a obtenu un taux de conformit\u00e9 de 99,7 %. L&rsquo;eau potable de notre commune figure ainsi parmi les cinq meilleures zones de distribution wallonnes. En ce qui concerne les valeurs PFAS et TFA, notre eau potable est exempte de PFAS et la valeur TFA de l&rsquo;eau potable de La Calamine est bien inf\u00e9rieure \u00e0 la valeur indicative de 2,2 microgrammes par litre. Dans la zone de distribution de La Calamine, elle est de 0,2 microgramme par litre, \u00e0 Hergenrath de 0,072.<\/p>\n<p>Chaque ann\u00e9e, 570 000 m\u00e8tres cubes d&rsquo;eau en moyenne sont trait\u00e9s dans la commune de La Calamine. Le service technique du service Eau potable de La Calamine est op\u00e9rationnel 24 heures sur 24 et garantit ainsi l&rsquo;excellente qualit\u00e9 de l&rsquo;eau potable de La Calamine. Le chef technique du service Eau potable est Patrick Kaiser, dont l&rsquo;\u00e9quipe compte cinq collaborateurs. \u00ab L&rsquo;excellent travail de notre service contribue de mani\u00e8re significative \u00e0 atteindre en permanence les normes de qualit\u00e9 les plus \u00e9lev\u00e9es. Je tiens \u00e0 remercier chaleureusement les employ\u00e9s pour cela \u00bb, d\u00e9clare le bourgmestre Daniel Hilligsmann.<\/p>\n","protected":false},"excerpt":{"rendered":"Lors du dernier contr\u00f4le qualit\u00e9 r\u00e9alis\u00e9 par la R\u00e9gion wallonne concernant les prescriptions l\u00e9gales en mati\u00e8re d&rsquo;eau potable, l&rsquo;eau potable de La Calamine a obtenu un taux de conformit\u00e9 de 99,7 %. L&rsquo;eau potable de notre commune figure ainsi parmi les cinq meilleures zones de distribution wallonnes. En ce qui concerne les valeurs PFAS et [&hellip;]","protected":false},"author":2,"featured_media":17129,"comment_status":"closed","ping_status":"closed","sticky":false,"template":"","format":"standard","meta":{"_acf_changed":false,"footnotes":""},"categories":[71],"tags":[],"class_list":["post-17128","post","type-post","status-publish","format-standard","has-post-thumbnail","hentry","category-depuis-la-maison-communale"],"acf":[],"_links":{"self":[{"href":"https:\/\/www.kelmis.be\/fr\/wp-json\/wp\/v2\/posts\/17128","targetHints":{"allow":["GET"]}}],"collection":[{"href":"https:\/\/www.kelmis.be\/fr\/wp-json\/wp\/v2\/posts"}],"about":[{"href":"https:\/\/www.kelmis.be\/fr\/wp-json\/wp\/v2\/types\/post"}],"author":[{"embeddable":true,"href":"https:\/\/www.kelmis.be\/fr\/wp-json\/wp\/v2\/users\/2"}],"replies":[{"embeddable":true,"href":"https:\/\/www.kelmis.be\/fr\/wp-json\/wp\/v2\/comments?post=17128"}],"version-history":[{"count":1,"href":"https:\/\/www.kelmis.be\/fr\/wp-json\/wp\/v2\/posts\/17128\/revisions"}],"predecessor-version":[{"id":17130,"href":"https:\/\/www.kelmis.be\/fr\/wp-json\/wp\/v2\/posts\/17128\/revisions\/17130"}],"wp:featuredmedia":[{"embeddable":true,"href":"https:\/\/www.kelmis.be\/fr\/wp-json\/wp\/v2\/media\/17129"}],"wp:attachment":[{"href":"https:\/\/www.kelmis.be\/fr\/wp-json\/wp\/v2\/media?parent=17128"}],"wp:term":[{"taxonomy":"category","embeddable":true,"href":"https:\/\/www.kelmis.be\/fr\/wp-json\/wp\/v2\/categories?post=17128"},{"taxonomy":"post_tag","embeddable":true,"href":"https:\/\/www.kelmis.be\/fr\/wp-json\/wp\/v2\/tags?post=17128"}],"curies":[{"name":"wp","href":"https:\/\/api.w.org\/{rel}","templated":true}]}}