{"id":17115,"date":"2025-09-09T09:48:03","date_gmt":"2025-09-09T07:48:03","guid":{"rendered":"https:\/\/www.kelmis.be\/?p=17115"},"modified":"2025-09-09T10:52:17","modified_gmt":"2025-09-09T08:52:17","slug":"forage-et-exploitation-dun-puits-geothermique-enquete-publique","status":"publish","type":"post","link":"https:\/\/www.kelmis.be\/fr\/depuis-la-maison-communale\/forage-et-exploitation-dun-puits-geothermique-enquete-publique","title":{"rendered":"Forage et exploitation d\u2019un puits g\u00e9othermique : enqu\u00eate publique"},"content":{"rendered":"<p>Le coll\u00e8ge communal porte trois enqu\u00eates publiques\u00a0 \u00e0 la connaissance de la population. Sur la base de la description des activit\u00e9s, des sites de stockage et des installations ainsi que des mesures pr\u00e9vues dans le projet, on peut supposer que les incidences sur l&rsquo;environnement ne sont pas consid\u00e9r\u00e9es comme significatives.<\/p>\n","protected":false},"excerpt":{"rendered":"Le coll\u00e8ge communal porte trois enqu\u00eates publiques\u00a0 \u00e0 la connaissance de la population. Sur la base de la description des activit\u00e9s, des sites de stockage et des installations ainsi que des mesures pr\u00e9vues dans le projet, on peut supposer que les incidences sur l&rsquo;environnement ne sont pas consid\u00e9r\u00e9es comme significatives.","protected":false},"author":2,"featured_media":17091,"comment_status":"closed","ping_status":"closed","sticky":false,"template":"","format":"standard","meta":{"_acf_changed":false,"footnotes":""},"categories":[71],"tags":[],"class_list":["post-17115","post","type-post","status-publish","format-standard","has-post-thumbnail","hentry","category-depuis-la-maison-communale"],"acf":[],"_links":{"self":[{"href":"https:\/\/www.kelmis.be\/fr\/wp-json\/wp\/v2\/posts\/17115","targetHints":{"allow":["GET"]}}],"collection":[{"href":"https:\/\/www.kelmis.be\/fr\/wp-json\/wp\/v2\/posts"}],"about":[{"href":"https:\/\/www.kelmis.be\/fr\/wp-json\/wp\/v2\/types\/post"}],"author":[{"embeddable":true,"href":"https:\/\/www.kelmis.be\/fr\/wp-json\/wp\/v2\/users\/2"}],"replies":[{"embeddable":true,"href":"https:\/\/www.kelmis.be\/fr\/wp-json\/wp\/v2\/comments?post=17115"}],"version-history":[{"count":2,"href":"https:\/\/www.kelmis.be\/fr\/wp-json\/wp\/v2\/posts\/17115\/revisions"}],"predecessor-version":[{"id":17120,"href":"https:\/\/www.kelmis.be\/fr\/wp-json\/wp\/v2\/posts\/17115\/revisions\/17120"}],"wp:featuredmedia":[{"embeddable":true,"href":"https:\/\/www.kelmis.be\/fr\/wp-json\/wp\/v2\/media\/17091"}],"wp:attachment":[{"href":"https:\/\/www.kelmis.be\/fr\/wp-json\/wp\/v2\/media?parent=17115"}],"wp:term":[{"taxonomy":"category","embeddable":true,"href":"https:\/\/www.kelmis.be\/fr\/wp-json\/wp\/v2\/categories?post=17115"},{"taxonomy":"post_tag","embeddable":true,"href":"https:\/\/www.kelmis.be\/fr\/wp-json\/wp\/v2\/tags?post=17115"}],"curies":[{"name":"wp","href":"https:\/\/api.w.org\/{rel}","templated":true}]}}