{"id":17107,"date":"2025-09-08T13:01:04","date_gmt":"2025-09-08T11:01:04","guid":{"rendered":"https:\/\/www.kelmis.be\/?p=17107"},"modified":"2025-09-08T13:02:34","modified_gmt":"2025-09-08T11:02:34","slug":"resa-poursuit-les-travaux-dans-la-partie-inferieure-de-la-rue-de-leglise","status":"publish","type":"post","link":"https:\/\/www.kelmis.be\/fr\/circulation\/resa-poursuit-les-travaux-dans-la-partie-inferieure-de-la-rue-de-leglise","title":{"rendered":"Resa poursuit les travaux dans la partie inf\u00e9rieure de la rue de l\u2019\u00c9glise"},"content":{"rendered":"<p>Dans la partie inf\u00e9rieure de la rue de l\u2019\u00c9glise, l&rsquo;intercommunale Resa poursuit d\u00e8s aujourd&rsquo;hui les travaux de gaz qu&rsquo;elle avait commenc\u00e9s \u00e0 la mi-juin. Les travaux avaient alors \u00e9t\u00e9 interrompus en raison de la n\u00e9cessit\u00e9 de r\u00e9parer un toit dans la partie sup\u00e9rieure de la rue de l\u2019\u00c9glise. Le chantier dans la partie inf\u00e9rieure de la rue devrait durer jusqu&rsquo;\u00e0 la fin de la semaine prochaine. Pour les riverains de la rue, celle-ci est accessible depuis la rue de Li\u00e8ge. Pour tous les autres, la circulation est d\u00e9vi\u00e9e par la place de l\u2019\u00c9glise.<\/p>\n","protected":false},"excerpt":{"rendered":"Dans la partie inf\u00e9rieure de la rue de l\u2019\u00c9glise, l&rsquo;intercommunale Resa poursuit d\u00e8s aujourd&rsquo;hui les travaux de gaz qu&rsquo;elle avait commenc\u00e9s \u00e0 la mi-juin. Les travaux avaient alors \u00e9t\u00e9 interrompus en raison de la n\u00e9cessit\u00e9 de r\u00e9parer un toit dans la partie sup\u00e9rieure de la rue de l\u2019\u00c9glise. Le chantier dans la partie inf\u00e9rieure de [&hellip;]","protected":false},"author":2,"featured_media":17108,"comment_status":"closed","ping_status":"closed","sticky":false,"template":"","format":"standard","meta":{"_acf_changed":false,"footnotes":""},"categories":[74],"tags":[],"class_list":["post-17107","post","type-post","status-publish","format-standard","has-post-thumbnail","hentry","category-circulation"],"acf":[],"_links":{"self":[{"href":"https:\/\/www.kelmis.be\/fr\/wp-json\/wp\/v2\/posts\/17107","targetHints":{"allow":["GET"]}}],"collection":[{"href":"https:\/\/www.kelmis.be\/fr\/wp-json\/wp\/v2\/posts"}],"about":[{"href":"https:\/\/www.kelmis.be\/fr\/wp-json\/wp\/v2\/types\/post"}],"author":[{"embeddable":true,"href":"https:\/\/www.kelmis.be\/fr\/wp-json\/wp\/v2\/users\/2"}],"replies":[{"embeddable":true,"href":"https:\/\/www.kelmis.be\/fr\/wp-json\/wp\/v2\/comments?post=17107"}],"version-history":[{"count":1,"href":"https:\/\/www.kelmis.be\/fr\/wp-json\/wp\/v2\/posts\/17107\/revisions"}],"predecessor-version":[{"id":17109,"href":"https:\/\/www.kelmis.be\/fr\/wp-json\/wp\/v2\/posts\/17107\/revisions\/17109"}],"wp:featuredmedia":[{"embeddable":true,"href":"https:\/\/www.kelmis.be\/fr\/wp-json\/wp\/v2\/media\/17108"}],"wp:attachment":[{"href":"https:\/\/www.kelmis.be\/fr\/wp-json\/wp\/v2\/media?parent=17107"}],"wp:term":[{"taxonomy":"category","embeddable":true,"href":"https:\/\/www.kelmis.be\/fr\/wp-json\/wp\/v2\/categories?post=17107"},{"taxonomy":"post_tag","embeddable":true,"href":"https:\/\/www.kelmis.be\/fr\/wp-json\/wp\/v2\/tags?post=17107"}],"curies":[{"name":"wp","href":"https:\/\/api.w.org\/{rel}","templated":true}]}}