{"id":17096,"date":"2025-09-04T15:59:06","date_gmt":"2025-09-04T13:59:06","guid":{"rendered":"https:\/\/www.kelmis.be\/?p=17096"},"modified":"2025-09-04T15:59:06","modified_gmt":"2025-09-04T13:59:06","slug":"travaux-de-fibre-optique-sur-la-route-entre-hauset-et-hergenrath","status":"publish","type":"post","link":"https:\/\/www.kelmis.be\/fr\/circulation\/travaux-de-fibre-optique-sur-la-route-entre-hauset-et-hergenrath","title":{"rendered":"Travaux de fibre optique sur la route entre Hauset et Hergenrath"},"content":{"rendered":"<p>Vendredi, dans le courant de la matin\u00e9e, des travaux de fibre optique auront lieu dans la rue de Hauset, dans la for\u00eat entre Hauset et Hergenrath, sur le c\u00f4t\u00e9 droit en direction de Hergenrath. Dans le cadre de ces travaux, qui devraient durer une semaine, un feu de signalisation sera mis en place.<\/p>\n","protected":false},"excerpt":{"rendered":"Vendredi, dans le courant de la matin\u00e9e, des travaux de fibre optique auront lieu dans la rue de Hauset, dans la for\u00eat entre Hauset et Hergenrath, sur le c\u00f4t\u00e9 droit en direction de Hergenrath. Dans le cadre de ces travaux, qui devraient durer une semaine, un feu de signalisation sera mis en place.","protected":false},"author":2,"featured_media":17097,"comment_status":"closed","ping_status":"closed","sticky":false,"template":"","format":"standard","meta":{"_acf_changed":false,"footnotes":""},"categories":[74],"tags":[],"class_list":["post-17096","post","type-post","status-publish","format-standard","has-post-thumbnail","hentry","category-circulation"],"acf":[],"_links":{"self":[{"href":"https:\/\/www.kelmis.be\/fr\/wp-json\/wp\/v2\/posts\/17096","targetHints":{"allow":["GET"]}}],"collection":[{"href":"https:\/\/www.kelmis.be\/fr\/wp-json\/wp\/v2\/posts"}],"about":[{"href":"https:\/\/www.kelmis.be\/fr\/wp-json\/wp\/v2\/types\/post"}],"author":[{"embeddable":true,"href":"https:\/\/www.kelmis.be\/fr\/wp-json\/wp\/v2\/users\/2"}],"replies":[{"embeddable":true,"href":"https:\/\/www.kelmis.be\/fr\/wp-json\/wp\/v2\/comments?post=17096"}],"version-history":[{"count":1,"href":"https:\/\/www.kelmis.be\/fr\/wp-json\/wp\/v2\/posts\/17096\/revisions"}],"predecessor-version":[{"id":17098,"href":"https:\/\/www.kelmis.be\/fr\/wp-json\/wp\/v2\/posts\/17096\/revisions\/17098"}],"wp:featuredmedia":[{"embeddable":true,"href":"https:\/\/www.kelmis.be\/fr\/wp-json\/wp\/v2\/media\/17097"}],"wp:attachment":[{"href":"https:\/\/www.kelmis.be\/fr\/wp-json\/wp\/v2\/media?parent=17096"}],"wp:term":[{"taxonomy":"category","embeddable":true,"href":"https:\/\/www.kelmis.be\/fr\/wp-json\/wp\/v2\/categories?post=17096"},{"taxonomy":"post_tag","embeddable":true,"href":"https:\/\/www.kelmis.be\/fr\/wp-json\/wp\/v2\/tags?post=17096"}],"curies":[{"name":"wp","href":"https:\/\/api.w.org\/{rel}","templated":true}]}}