{"id":17081,"date":"2025-09-03T17:14:27","date_gmt":"2025-09-03T15:14:27","guid":{"rendered":"https:\/\/www.kelmis.be\/?p=17081"},"modified":"2025-09-03T17:14:48","modified_gmt":"2025-09-03T15:14:48","slug":"journees-de-portes-ouvertes-a-la-piscine-communale-ce-week-end","status":"publish","type":"post","link":"https:\/\/www.kelmis.be\/fr\/actualite-dans-la-commune\/journees-de-portes-ouvertes-a-la-piscine-communale-ce-week-end","title":{"rendered":"Journ\u00e9es de Portes ouvertes \u00e0 la piscine communale ce week-end"},"content":{"rendered":"<p>Le week-end prochain, la piscine communale ouvrira ses portes \u00e0 tous les citoyens : le nouvel exploitant Promosport propose deux jours d&rsquo;entr\u00e9e gratuite et pr\u00e9sentera son offre.<\/p>\n<p><strong>Le programme<\/strong><\/p>\n<p><strong>Samedi et dimanche<\/strong><\/p>\n<p>De 10 h \u00e0 17 h, entr\u00e9e gratuite pour toutes et tous<\/p>\n<p>Les enfants de moins de 12 ans doivent \u00eatre accompagn\u00e9s d&rsquo;un adulte<\/p>\n<p><strong>Activit\u00e9s nautiques<\/strong><\/p>\n<p>10 h 45 \u2013 11 h 30 : cours d&rsquo;initiation \u00e0 l&rsquo;aquabike<\/p>\n<p>11h45-12h30 : cours d&rsquo;initiation \u00e0 l&rsquo;aquagym<\/p>\n<p>Tout au long du week-end : parcours aquatique gonflable dans la piscine<\/p>\n<p><strong>Activit\u00e9s de loisirs en plein air<\/strong><\/p>\n<p>Des ch\u00e2teaux gonflables sont \u00e0 la disposition des enfants toute la journ\u00e9e.<\/p>\n<p>Des food trucks et des stands de boissons sont l\u00e0 pour vous restaurer.<\/p>\n","protected":false},"excerpt":{"rendered":"Le week-end prochain, la piscine communale ouvrira ses portes \u00e0 tous les citoyens : le nouvel exploitant Promosport propose deux jours d&rsquo;entr\u00e9e gratuite et pr\u00e9sentera son offre. Le programme Samedi et dimanche De 10 h \u00e0 17 h, entr\u00e9e gratuite pour toutes et tous Les enfants de moins de 12 ans doivent \u00eatre accompagn\u00e9s d&rsquo;un [&hellip;]","protected":false},"author":2,"featured_media":17082,"comment_status":"closed","ping_status":"closed","sticky":false,"template":"","format":"standard","meta":{"_acf_changed":false,"footnotes":""},"categories":[70],"tags":[],"class_list":["post-17081","post","type-post","status-publish","format-standard","has-post-thumbnail","hentry","category-actualite-dans-la-commune"],"acf":[],"_links":{"self":[{"href":"https:\/\/www.kelmis.be\/fr\/wp-json\/wp\/v2\/posts\/17081","targetHints":{"allow":["GET"]}}],"collection":[{"href":"https:\/\/www.kelmis.be\/fr\/wp-json\/wp\/v2\/posts"}],"about":[{"href":"https:\/\/www.kelmis.be\/fr\/wp-json\/wp\/v2\/types\/post"}],"author":[{"embeddable":true,"href":"https:\/\/www.kelmis.be\/fr\/wp-json\/wp\/v2\/users\/2"}],"replies":[{"embeddable":true,"href":"https:\/\/www.kelmis.be\/fr\/wp-json\/wp\/v2\/comments?post=17081"}],"version-history":[{"count":1,"href":"https:\/\/www.kelmis.be\/fr\/wp-json\/wp\/v2\/posts\/17081\/revisions"}],"predecessor-version":[{"id":17083,"href":"https:\/\/www.kelmis.be\/fr\/wp-json\/wp\/v2\/posts\/17081\/revisions\/17083"}],"wp:featuredmedia":[{"embeddable":true,"href":"https:\/\/www.kelmis.be\/fr\/wp-json\/wp\/v2\/media\/17082"}],"wp:attachment":[{"href":"https:\/\/www.kelmis.be\/fr\/wp-json\/wp\/v2\/media?parent=17081"}],"wp:term":[{"taxonomy":"category","embeddable":true,"href":"https:\/\/www.kelmis.be\/fr\/wp-json\/wp\/v2\/categories?post=17081"},{"taxonomy":"post_tag","embeddable":true,"href":"https:\/\/www.kelmis.be\/fr\/wp-json\/wp\/v2\/tags?post=17081"}],"curies":[{"name":"wp","href":"https:\/\/api.w.org\/{rel}","templated":true}]}}