{"id":17074,"date":"2025-09-03T09:37:11","date_gmt":"2025-09-03T07:37:11","guid":{"rendered":"https:\/\/www.kelmis.be\/?p=17074"},"modified":"2025-09-03T09:59:02","modified_gmt":"2025-09-03T07:59:02","slug":"formation-pour-cyclistes-le-13-et-24-septembre","status":"publish","type":"post","link":"https:\/\/www.kelmis.be\/fr\/evenement\/formation-pour-cyclistes-le-13-et-24-septembre","title":{"rendered":"Formation pour cyclistes le 13 et 24 septembre"},"content":{"rendered":"<p>La zone de police Weser-G\u00f6hl et la VoG \u00ab Fahr mit \u00bb proposent ensemble des formations pour rendre les cyclistes et les cyclistes plus aptes \u00e0 la circulation.\u00a0 Au nord de la Communaut\u00e9 germanophone, des formations de trois heures sont propos\u00e9es r\u00e9guli\u00e8rement. Lors d\u2019une pr\u00e9sentation interactive, les connaissances de base des participants sont d\u2019abord \u00e9valu\u00e9es et les r\u00e8gles du code de la route concernant le cyclisme sont discut\u00e9es. Ensuite, une balade \u00e0 v\u00e9lo dans la commune est propos\u00e9e, avec des conseils pour des situations concr\u00e8tes. Conditions de participation \u00e0 ce cours : \u00e2ge minimum de 18 ans\u00a0 , ma\u00eetrise s\u00fbre du v\u00e9lo, apport d\u2019un v\u00e9lo personnel techniquement irr\u00e9prochable, et en plus : gilet fluores\u00e7ant\u00a0 \u00a0et casque de v\u00e9lo . Inscription via le formulaire en ligne : https:\/\/fahrmit.be\/aktionen\/my-bike-me-anmeldung\u00a0 . Des groupes de 10 \u00e0 15 personnes peuvent r\u00e9server un cours en dehors des dates pr\u00e9vues. Dans notre commune, des formations sont \u00e9galement propos\u00e9es. Samedi 13 septembre \u00e0 9h (en allemand), mercredi 24 septembre \u00e0 18h (en fran\u00e7ais). Le lieu de la manifestation est l\u2019\u00e9cole communale de Herbestal\/Hergenrath\u00a0 .<\/p>\n<p>Courriel: cs@fahrmit.be<\/p>\n<p>&nbsp;<\/p>\n<p>Photo: Unsplash<\/p>\n","protected":false},"excerpt":{"rendered":"La zone de police Weser-G\u00f6hl et la VoG \u00ab Fahr mit \u00bb proposent ensemble des formations pour rendre les cyclistes et les cyclistes plus aptes \u00e0 la circulation.\u00a0 Au nord de la Communaut\u00e9 germanophone, des formations de trois heures sont propos\u00e9es r\u00e9guli\u00e8rement. Lors d\u2019une pr\u00e9sentation interactive, les connaissances de base des participants sont d\u2019abord \u00e9valu\u00e9es [&hellip;]","protected":false},"author":2,"featured_media":17075,"comment_status":"closed","ping_status":"closed","sticky":false,"template":"","format":"standard","meta":{"_acf_changed":false,"footnotes":""},"categories":[73],"tags":[],"class_list":["post-17074","post","type-post","status-publish","format-standard","has-post-thumbnail","hentry","category-evenement"],"acf":[],"_links":{"self":[{"href":"https:\/\/www.kelmis.be\/fr\/wp-json\/wp\/v2\/posts\/17074","targetHints":{"allow":["GET"]}}],"collection":[{"href":"https:\/\/www.kelmis.be\/fr\/wp-json\/wp\/v2\/posts"}],"about":[{"href":"https:\/\/www.kelmis.be\/fr\/wp-json\/wp\/v2\/types\/post"}],"author":[{"embeddable":true,"href":"https:\/\/www.kelmis.be\/fr\/wp-json\/wp\/v2\/users\/2"}],"replies":[{"embeddable":true,"href":"https:\/\/www.kelmis.be\/fr\/wp-json\/wp\/v2\/comments?post=17074"}],"version-history":[{"count":1,"href":"https:\/\/www.kelmis.be\/fr\/wp-json\/wp\/v2\/posts\/17074\/revisions"}],"predecessor-version":[{"id":17076,"href":"https:\/\/www.kelmis.be\/fr\/wp-json\/wp\/v2\/posts\/17074\/revisions\/17076"}],"wp:featuredmedia":[{"embeddable":true,"href":"https:\/\/www.kelmis.be\/fr\/wp-json\/wp\/v2\/media\/17075"}],"wp:attachment":[{"href":"https:\/\/www.kelmis.be\/fr\/wp-json\/wp\/v2\/media?parent=17074"}],"wp:term":[{"taxonomy":"category","embeddable":true,"href":"https:\/\/www.kelmis.be\/fr\/wp-json\/wp\/v2\/categories?post=17074"},{"taxonomy":"post_tag","embeddable":true,"href":"https:\/\/www.kelmis.be\/fr\/wp-json\/wp\/v2\/tags?post=17074"}],"curies":[{"name":"wp","href":"https:\/\/api.w.org\/{rel}","templated":true}]}}