{"id":17036,"date":"2025-09-01T15:09:30","date_gmt":"2025-09-01T13:09:30","guid":{"rendered":"https:\/\/www.kelmis.be\/?p=17036"},"modified":"2025-09-01T15:14:59","modified_gmt":"2025-09-01T13:14:59","slug":"rentree-des-premieres-primaires-dans-notre-commune-les-photos","status":"publish","type":"post","link":"https:\/\/www.kelmis.be\/fr\/actualite-dans-la-commune\/rentree-des-premieres-primaires-dans-notre-commune-les-photos","title":{"rendered":"Rentr\u00e9e des premi\u00e8res primaires dans notre commune &#8211; les photos !"},"content":{"rendered":"<p>La rentr\u00e9e scolaire 2025-2026 en photos \u00e0 l\u2019\u00e9cole communale de La Calamine, \u00e0 l\u2019ath\u00e9n\u00e9e C\u00e9sar Franck et \u00e0 l\u2019\u00e9cole communale de Hergenrath.<\/p>\n","protected":false},"excerpt":{"rendered":"La rentr\u00e9e scolaire 2025-2026 en photos \u00e0 l\u2019\u00e9cole communale de La Calamine, \u00e0 l\u2019ath\u00e9n\u00e9e C\u00e9sar Franck et \u00e0 l\u2019\u00e9cole communale de Hergenrath.","protected":false},"author":2,"featured_media":17038,"comment_status":"closed","ping_status":"closed","sticky":false,"template":"","format":"standard","meta":{"_acf_changed":false,"footnotes":""},"categories":[70],"tags":[],"class_list":["post-17036","post","type-post","status-publish","format-standard","has-post-thumbnail","hentry","category-actualite-dans-la-commune"],"acf":[],"_links":{"self":[{"href":"https:\/\/www.kelmis.be\/fr\/wp-json\/wp\/v2\/posts\/17036","targetHints":{"allow":["GET"]}}],"collection":[{"href":"https:\/\/www.kelmis.be\/fr\/wp-json\/wp\/v2\/posts"}],"about":[{"href":"https:\/\/www.kelmis.be\/fr\/wp-json\/wp\/v2\/types\/post"}],"author":[{"embeddable":true,"href":"https:\/\/www.kelmis.be\/fr\/wp-json\/wp\/v2\/users\/2"}],"replies":[{"embeddable":true,"href":"https:\/\/www.kelmis.be\/fr\/wp-json\/wp\/v2\/comments?post=17036"}],"version-history":[{"count":1,"href":"https:\/\/www.kelmis.be\/fr\/wp-json\/wp\/v2\/posts\/17036\/revisions"}],"predecessor-version":[{"id":17056,"href":"https:\/\/www.kelmis.be\/fr\/wp-json\/wp\/v2\/posts\/17036\/revisions\/17056"}],"wp:featuredmedia":[{"embeddable":true,"href":"https:\/\/www.kelmis.be\/fr\/wp-json\/wp\/v2\/media\/17038"}],"wp:attachment":[{"href":"https:\/\/www.kelmis.be\/fr\/wp-json\/wp\/v2\/media?parent=17036"}],"wp:term":[{"taxonomy":"category","embeddable":true,"href":"https:\/\/www.kelmis.be\/fr\/wp-json\/wp\/v2\/categories?post=17036"},{"taxonomy":"post_tag","embeddable":true,"href":"https:\/\/www.kelmis.be\/fr\/wp-json\/wp\/v2\/tags?post=17036"}],"curies":[{"name":"wp","href":"https:\/\/api.w.org\/{rel}","templated":true}]}}